{"id":43879,"date":"2022-09-16T09:45:07","date_gmt":"2022-09-16T09:45:07","guid":{"rendered":"https:\/\/www.estudiodecomunicacion.com\/?p=43879"},"modified":"2024-03-12T13:22:24","modified_gmt":"2024-03-12T13:22:24","slug":"antonio-cano-new-partner-for-the-public-affairs-practice","status":"publish","type":"post","link":"https:\/\/www.estudiodecomunicacion.com\/en\/2022\/09\/16\/antonio-cano-new-partner-for-the-public-affairs-practice\/","title":{"rendered":"Antonio Ca\u00f1o, new Partner for the Public Affairs Practice"},"content":{"rendered":"<p>Estudio de Comunicaci\u00f3n continues the expansion of its activity in the communication business with the appointment of Antonio Ca\u00f1o as new Partner of the Public Affairs practice. With more than 40 years of experience in the Media industry, both at a national and international level, Ca\u00f1o will contribute his expertise and knowledge in the Public Affairs and Institutional Relations arena to the firm\u2019s clients.<\/p>\n<p>Graduated in Journalism from Universidad Complutense de Madrid, Antonio Ca\u00f1o began his career as journalist in the international desk of the Spanish news agency Agencia Efe. Ca\u00f1o has spent most of his career at El Pa\u00eds, the leading newspaper in Spain, where he held the position of Editor in Chief between 2014 and 2018. During that period, he led a successful digital transformation that took the newspaper to the global leadership of the Spanish media. Ca\u00f1o also launched the America editions of El Pa\u00eds, including its own edition in Brazil.<\/p>\n<p>With a long dedication to the international affairs, he has covered events that have marked history throughout his journalistic career, such as the wars in the Persian Gulf, the Falklands, Chad and El Salvador, the revolts against Augusto Pinochet in Chile, the fall of Sandinismo in Nicaragua, as well as four presidential elections in the United States, between many more relevant stories. He has interviewed numerous presidents, heads of state and personalities.<\/p>\n<p><strong>Antonio Ca\u00f1o, Partner of Estudio de Comunicaci\u00f3n,<\/strong> said: \u201cAfter working as a journalist for more than 40 years in various roles, I am thrilled at the challenge of observing communication and the relationship with institutions from another perspective. It is an honour to put the experience acquired during that time, including my years as Editor in Chief of El Pa\u00eds, at the service of Estudio de Comunicaci\u00f3n, one of the most reputable companies in its sector. I would like to thank its partners for the trust they have placed in me, and I am confident that I can live up to the expectations of its excellent staff as the firm expands and opens up to new fields of communication\u201d.<\/p>\n<p><strong>Benito Berceruelo, CEO of Estudio de Comunicaci\u00f3n<\/strong>, said: \u201cAs a communications consultancy, we provide our clients with experience and know-how so that they can communicate and relate effectively with their audiences. I am sure that Antonio Ca\u00f1o\u2019s insight will be very valuable for our clients and will allow them to better analyse the economic and political environment, to obtain more detailed knowledge of key markets such as those of Spain and North America, as well as offer management experience and contacts at the highest level. Antonio will help us continue innovating in communication and anticipating the needs of the companies and brands that place their trust on Estudio de Comunicaci\u00f3n\u201d.<\/p>\n<p><strong>ABOUT ESTUDIO DE COMUNICACI\u00d3N<\/strong><\/p>\n<p><strong>ESTUDIO DE COMUNICACI\u00d3N<\/strong> is a leading company in business communications in Spanish and Portuguese. Founded in 1983, it has a track record of 39 years in which it has worked for over 2,700 clients, helping them to communicate effectively with their different target audiences. The Firm is made up of more than 150 professionals, and has its own offices in Spain, Argentina, Chile, Mexico, and Portugal. It also has agreements with <em>best friends<\/em> that allow it to provide services in the main markets around the world. Estudio de Comunicaci\u00f3n is among the top three consulting firm with the best corporate reputation in Spain, and the top one in the Communications sector, according to the 2021 edition of MERCO Empresas<\/p>\n","protected":false},"excerpt":{"rendered":"<p>Estudio de Comunicaci\u00f3n continues the expansion of its activity in the communication business with the appointment of Antonio Ca\u00f1o as new Partner of the Public Affairs practice. With more than 40 years of experience in the Media industry, both at a national and international level, Ca\u00f1o will contribute his expertise and knowledge in the Public [&hellip;]<\/p>\n","protected":false},"author":106,"featured_media":0,"comment_status":"closed","ping_status":"closed","sticky":false,"template":"","format":"standard","meta":{"_monsterinsights_skip_tracking":false,"_monsterinsights_sitenote_active":false,"_monsterinsights_sitenote_note":"","_monsterinsights_sitenote_category":0,"footnotes":""},"categories":[11],"tags":[],"class_list":["post-43879","post","type-post","status-publish","format-standard","hentry","category-uncategorized"],"yoast_head":"<!-- This site is optimized with the Yoast SEO Premium plugin v27.4 (Yoast SEO v27.4) - https:\/\/yoast.com\/product\/yoast-seo-premium-wordpress\/ -->\n<title>Antonio Ca\u00f1o, new Partner for the Public Affairs Practice - Estudio de Comunicaci\u00f3n<\/title>\n<meta name=\"description\" content=\"Estudio de Comunicaci\u00f3n es una consultora de comunicaci\u00f3n y relaciones p\u00fablicas que cuenta con m\u00e1s de 160 profesionales en Espa\u00f1a, Argentina, Portugal, Chile y M\u00e9xico.\" \/>\n<meta name=\"robots\" content=\"index, follow, max-snippet:-1, max-image-preview:large, max-video-preview:-1\" \/>\n<link rel=\"canonical\" href=\"https:\/\/www.estudiodecomunicacion.com\/en\/2022\/09\/16\/antonio-cano-new-partner-for-the-public-affairs-practice\/\" \/>\n<meta property=\"og:locale\" content=\"en_US\" \/>\n<meta property=\"og:type\" content=\"article\" \/>\n<meta property=\"og:title\" content=\"Antonio Ca\u00f1o, new Partner for the Public Affairs Practice\" \/>\n<meta property=\"og:description\" content=\"Estudio de Comunicaci\u00f3n es una consultora de comunicaci\u00f3n y relaciones p\u00fablicas que cuenta con m\u00e1s de 160 profesionales en Espa\u00f1a, Argentina, Portugal, Chile y M\u00e9xico.\" \/>\n<meta property=\"og:url\" content=\"https:\/\/www.estudiodecomunicacion.com\/en\/2022\/09\/16\/antonio-cano-new-partner-for-the-public-affairs-practice\/\" \/>\n<meta property=\"og:site_name\" content=\"Estudio de Comunicaci\u00f3n\" \/>\n<meta property=\"article:publisher\" content=\"https:\/\/www.facebook.com\/estudiodecomunicacion\" \/>\n<meta property=\"article:published_time\" content=\"2022-09-16T09:45:07+00:00\" \/>\n<meta property=\"article:modified_time\" content=\"2024-03-12T13:22:24+00:00\" \/>\n<meta name=\"author\" content=\"Carmen Sotomayor\" \/>\n<meta name=\"twitter:card\" content=\"summary_large_image\" \/>\n<meta name=\"twitter:creator\" content=\"@EstComunicacion\" \/>\n<meta name=\"twitter:site\" content=\"@EstComunicacion\" \/>\n<meta name=\"twitter:label1\" content=\"Written by\" \/>\n\t<meta name=\"twitter:data1\" content=\"Carmen Sotomayor\" \/>\n\t<meta name=\"twitter:label2\" content=\"Est. reading time\" \/>\n\t<meta name=\"twitter:data2\" content=\"3 minutes\" \/>\n<script type=\"application\/ld+json\" class=\"yoast-schema-graph\">{\"@context\":\"https:\\\/\\\/schema.org\",\"@graph\":[{\"@type\":\"Article\",\"@id\":\"https:\\\/\\\/www.estudiodecomunicacion.com\\\/en\\\/2022\\\/09\\\/16\\\/antonio-cano-new-partner-for-the-public-affairs-practice\\\/#article\",\"isPartOf\":{\"@id\":\"https:\\\/\\\/www.estudiodecomunicacion.com\\\/en\\\/2022\\\/09\\\/16\\\/antonio-cano-new-partner-for-the-public-affairs-practice\\\/\"},\"author\":{\"name\":\"Carmen Sotomayor\",\"@id\":\"https:\\\/\\\/www.estudiodecomunicacion.com\\\/#\\\/schema\\\/person\\\/aedb626fbc0bfb9849c862f67f561f25\"},\"headline\":\"Antonio Ca\u00f1o, new Partner for the Public Affairs Practice\",\"datePublished\":\"2022-09-16T09:45:07+00:00\",\"dateModified\":\"2024-03-12T13:22:24+00:00\",\"mainEntityOfPage\":{\"@id\":\"https:\\\/\\\/www.estudiodecomunicacion.com\\\/en\\\/2022\\\/09\\\/16\\\/antonio-cano-new-partner-for-the-public-affairs-practice\\\/\"},\"wordCount\":599,\"publisher\":{\"@id\":\"https:\\\/\\\/www.estudiodecomunicacion.com\\\/#organization\"},\"inLanguage\":\"en-US\"},{\"@type\":\"WebPage\",\"@id\":\"https:\\\/\\\/www.estudiodecomunicacion.com\\\/en\\\/2022\\\/09\\\/16\\\/antonio-cano-new-partner-for-the-public-affairs-practice\\\/\",\"url\":\"https:\\\/\\\/www.estudiodecomunicacion.com\\\/en\\\/2022\\\/09\\\/16\\\/antonio-cano-new-partner-for-the-public-affairs-practice\\\/\",\"name\":\"Antonio Ca\u00f1o, new Partner for the Public Affairs Practice - Estudio de Comunicaci\u00f3n\",\"isPartOf\":{\"@id\":\"https:\\\/\\\/www.estudiodecomunicacion.com\\\/#website\"},\"datePublished\":\"2022-09-16T09:45:07+00:00\",\"dateModified\":\"2024-03-12T13:22:24+00:00\",\"description\":\"Estudio de Comunicaci\u00f3n es una consultora de comunicaci\u00f3n y relaciones p\u00fablicas que cuenta con m\u00e1s de 160 profesionales en Espa\u00f1a, Argentina, Portugal, Chile y M\u00e9xico.\",\"breadcrumb\":{\"@id\":\"https:\\\/\\\/www.estudiodecomunicacion.com\\\/en\\\/2022\\\/09\\\/16\\\/antonio-cano-new-partner-for-the-public-affairs-practice\\\/#breadcrumb\"},\"inLanguage\":\"en-US\",\"potentialAction\":[{\"@type\":\"ReadAction\",\"target\":[\"https:\\\/\\\/www.estudiodecomunicacion.com\\\/en\\\/2022\\\/09\\\/16\\\/antonio-cano-new-partner-for-the-public-affairs-practice\\\/\"]}]},{\"@type\":\"BreadcrumbList\",\"@id\":\"https:\\\/\\\/www.estudiodecomunicacion.com\\\/en\\\/2022\\\/09\\\/16\\\/antonio-cano-new-partner-for-the-public-affairs-practice\\\/#breadcrumb\",\"itemListElement\":[{\"@type\":\"ListItem\",\"position\":1,\"name\":\"Portada\",\"item\":\"https:\\\/\\\/www.estudiodecomunicacion.com\\\/en\\\/\"},{\"@type\":\"ListItem\",\"position\":2,\"name\":\"Antonio Ca\u00f1o, new Partner for the Public Affairs Practice\"}]},{\"@type\":\"WebSite\",\"@id\":\"https:\\\/\\\/www.estudiodecomunicacion.com\\\/#website\",\"url\":\"https:\\\/\\\/www.estudiodecomunicacion.com\\\/\",\"name\":\"Estudio de Comunicaci\u00f3n - Consultores de Comunicaci\u00f3n y Relaciones P\u00fablicas\",\"description\":\"Consultora de Comunicaci\u00f3n y Relaciones P\u00fablicas\",\"publisher\":{\"@id\":\"https:\\\/\\\/www.estudiodecomunicacion.com\\\/#organization\"},\"potentialAction\":[{\"@type\":\"SearchAction\",\"target\":{\"@type\":\"EntryPoint\",\"urlTemplate\":\"https:\\\/\\\/www.estudiodecomunicacion.com\\\/?s={search_term_string}\"},\"query-input\":{\"@type\":\"PropertyValueSpecification\",\"valueRequired\":true,\"valueName\":\"search_term_string\"}}],\"inLanguage\":\"en-US\"},{\"@type\":\"Organization\",\"@id\":\"https:\\\/\\\/www.estudiodecomunicacion.com\\\/#organization\",\"name\":\"Estudio de Comunicaci\u00f3n\",\"url\":\"https:\\\/\\\/www.estudiodecomunicacion.com\\\/\",\"logo\":{\"@type\":\"ImageObject\",\"inLanguage\":\"en-US\",\"@id\":\"https:\\\/\\\/www.estudiodecomunicacion.com\\\/#\\\/schema\\\/logo\\\/image\\\/\",\"url\":\"https:\\\/\\\/www.estudiodecomunicacion.com\\\/wp-content\\\/uploads\\\/2018\\\/02\\\/EC_LogoEC.R_LogoLazo-03-03.png\",\"contentUrl\":\"https:\\\/\\\/www.estudiodecomunicacion.com\\\/wp-content\\\/uploads\\\/2018\\\/02\\\/EC_LogoEC.R_LogoLazo-03-03.png\",\"width\":431,\"height\":401,\"caption\":\"Estudio de Comunicaci\u00f3n\"},\"image\":{\"@id\":\"https:\\\/\\\/www.estudiodecomunicacion.com\\\/#\\\/schema\\\/logo\\\/image\\\/\"},\"sameAs\":[\"https:\\\/\\\/www.facebook.com\\\/estudiodecomunicacion\",\"https:\\\/\\\/x.com\\\/EstComunicacion\",\"https:\\\/\\\/www.instagram.com\\\/estcomunicacion\\\/\",\"https:\\\/\\\/www.linkedin.com\\\/company\\\/estudio-de-comunicacion\\\/?originalSubdomain=es\",\"https:\\\/\\\/www.youtube.com\\\/user\\\/EstComunicacion\"]},{\"@type\":\"Person\",\"@id\":\"https:\\\/\\\/www.estudiodecomunicacion.com\\\/#\\\/schema\\\/person\\\/aedb626fbc0bfb9849c862f67f561f25\",\"name\":\"Carmen Sotomayor\",\"url\":\"https:\\\/\\\/www.estudiodecomunicacion.com\\\/en\\\/author\\\/csotomayor\\\/\"}]}<\/script>\n<!-- \/ Yoast SEO Premium plugin. -->","yoast_head_json":{"title":"Antonio Ca\u00f1o, new Partner for the Public Affairs Practice - Estudio de Comunicaci\u00f3n","description":"Estudio de Comunicaci\u00f3n es una consultora de comunicaci\u00f3n y relaciones p\u00fablicas que cuenta con m\u00e1s de 160 profesionales en Espa\u00f1a, Argentina, Portugal, Chile y M\u00e9xico.","robots":{"index":"index","follow":"follow","max-snippet":"max-snippet:-1","max-image-preview":"max-image-preview:large","max-video-preview":"max-video-preview:-1"},"canonical":"https:\/\/www.estudiodecomunicacion.com\/en\/2022\/09\/16\/antonio-cano-new-partner-for-the-public-affairs-practice\/","og_locale":"en_US","og_type":"article","og_title":"Antonio Ca\u00f1o, new Partner for the Public Affairs Practice","og_description":"Estudio de Comunicaci\u00f3n es una consultora de comunicaci\u00f3n y relaciones p\u00fablicas que cuenta con m\u00e1s de 160 profesionales en Espa\u00f1a, Argentina, Portugal, Chile y M\u00e9xico.","og_url":"https:\/\/www.estudiodecomunicacion.com\/en\/2022\/09\/16\/antonio-cano-new-partner-for-the-public-affairs-practice\/","og_site_name":"Estudio de Comunicaci\u00f3n","article_publisher":"https:\/\/www.facebook.com\/estudiodecomunicacion","article_published_time":"2022-09-16T09:45:07+00:00","article_modified_time":"2024-03-12T13:22:24+00:00","author":"Carmen Sotomayor","twitter_card":"summary_large_image","twitter_creator":"@EstComunicacion","twitter_site":"@EstComunicacion","twitter_misc":{"Written by":"Carmen Sotomayor","Est. reading time":"3 minutes"},"schema":{"@context":"https:\/\/schema.org","@graph":[{"@type":"Article","@id":"https:\/\/www.estudiodecomunicacion.com\/en\/2022\/09\/16\/antonio-cano-new-partner-for-the-public-affairs-practice\/#article","isPartOf":{"@id":"https:\/\/www.estudiodecomunicacion.com\/en\/2022\/09\/16\/antonio-cano-new-partner-for-the-public-affairs-practice\/"},"author":{"name":"Carmen Sotomayor","@id":"https:\/\/www.estudiodecomunicacion.com\/#\/schema\/person\/aedb626fbc0bfb9849c862f67f561f25"},"headline":"Antonio Ca\u00f1o, new Partner for the Public Affairs Practice","datePublished":"2022-09-16T09:45:07+00:00","dateModified":"2024-03-12T13:22:24+00:00","mainEntityOfPage":{"@id":"https:\/\/www.estudiodecomunicacion.com\/en\/2022\/09\/16\/antonio-cano-new-partner-for-the-public-affairs-practice\/"},"wordCount":599,"publisher":{"@id":"https:\/\/www.estudiodecomunicacion.com\/#organization"},"inLanguage":"en-US"},{"@type":"WebPage","@id":"https:\/\/www.estudiodecomunicacion.com\/en\/2022\/09\/16\/antonio-cano-new-partner-for-the-public-affairs-practice\/","url":"https:\/\/www.estudiodecomunicacion.com\/en\/2022\/09\/16\/antonio-cano-new-partner-for-the-public-affairs-practice\/","name":"Antonio Ca\u00f1o, new Partner for the Public Affairs Practice - Estudio de Comunicaci\u00f3n","isPartOf":{"@id":"https:\/\/www.estudiodecomunicacion.com\/#website"},"datePublished":"2022-09-16T09:45:07+00:00","dateModified":"2024-03-12T13:22:24+00:00","description":"Estudio de Comunicaci\u00f3n es una consultora de comunicaci\u00f3n y relaciones p\u00fablicas que cuenta con m\u00e1s de 160 profesionales en Espa\u00f1a, Argentina, Portugal, Chile y M\u00e9xico.","breadcrumb":{"@id":"https:\/\/www.estudiodecomunicacion.com\/en\/2022\/09\/16\/antonio-cano-new-partner-for-the-public-affairs-practice\/#breadcrumb"},"inLanguage":"en-US","potentialAction":[{"@type":"ReadAction","target":["https:\/\/www.estudiodecomunicacion.com\/en\/2022\/09\/16\/antonio-cano-new-partner-for-the-public-affairs-practice\/"]}]},{"@type":"BreadcrumbList","@id":"https:\/\/www.estudiodecomunicacion.com\/en\/2022\/09\/16\/antonio-cano-new-partner-for-the-public-affairs-practice\/#breadcrumb","itemListElement":[{"@type":"ListItem","position":1,"name":"Portada","item":"https:\/\/www.estudiodecomunicacion.com\/en\/"},{"@type":"ListItem","position":2,"name":"Antonio Ca\u00f1o, new Partner for the Public Affairs Practice"}]},{"@type":"WebSite","@id":"https:\/\/www.estudiodecomunicacion.com\/#website","url":"https:\/\/www.estudiodecomunicacion.com\/","name":"Estudio de Comunicaci\u00f3n - Consultores de Comunicaci\u00f3n y Relaciones P\u00fablicas","description":"Consultora de Comunicaci\u00f3n y Relaciones P\u00fablicas","publisher":{"@id":"https:\/\/www.estudiodecomunicacion.com\/#organization"},"potentialAction":[{"@type":"SearchAction","target":{"@type":"EntryPoint","urlTemplate":"https:\/\/www.estudiodecomunicacion.com\/?s={search_term_string}"},"query-input":{"@type":"PropertyValueSpecification","valueRequired":true,"valueName":"search_term_string"}}],"inLanguage":"en-US"},{"@type":"Organization","@id":"https:\/\/www.estudiodecomunicacion.com\/#organization","name":"Estudio de Comunicaci\u00f3n","url":"https:\/\/www.estudiodecomunicacion.com\/","logo":{"@type":"ImageObject","inLanguage":"en-US","@id":"https:\/\/www.estudiodecomunicacion.com\/#\/schema\/logo\/image\/","url":"https:\/\/www.estudiodecomunicacion.com\/wp-content\/uploads\/2018\/02\/EC_LogoEC.R_LogoLazo-03-03.png","contentUrl":"https:\/\/www.estudiodecomunicacion.com\/wp-content\/uploads\/2018\/02\/EC_LogoEC.R_LogoLazo-03-03.png","width":431,"height":401,"caption":"Estudio de Comunicaci\u00f3n"},"image":{"@id":"https:\/\/www.estudiodecomunicacion.com\/#\/schema\/logo\/image\/"},"sameAs":["https:\/\/www.facebook.com\/estudiodecomunicacion","https:\/\/x.com\/EstComunicacion","https:\/\/www.instagram.com\/estcomunicacion\/","https:\/\/www.linkedin.com\/company\/estudio-de-comunicacion\/?originalSubdomain=es","https:\/\/www.youtube.com\/user\/EstComunicacion"]},{"@type":"Person","@id":"https:\/\/www.estudiodecomunicacion.com\/#\/schema\/person\/aedb626fbc0bfb9849c862f67f561f25","name":"Carmen Sotomayor","url":"https:\/\/www.estudiodecomunicacion.com\/en\/author\/csotomayor\/"}]}},"_links":{"self":[{"href":"https:\/\/www.estudiodecomunicacion.com\/en\/wp-json\/wp\/v2\/posts\/43879","targetHints":{"allow":["GET"]}}],"collection":[{"href":"https:\/\/www.estudiodecomunicacion.com\/en\/wp-json\/wp\/v2\/posts"}],"about":[{"href":"https:\/\/www.estudiodecomunicacion.com\/en\/wp-json\/wp\/v2\/types\/post"}],"author":[{"embeddable":true,"href":"https:\/\/www.estudiodecomunicacion.com\/en\/wp-json\/wp\/v2\/users\/106"}],"replies":[{"embeddable":true,"href":"https:\/\/www.estudiodecomunicacion.com\/en\/wp-json\/wp\/v2\/comments?post=43879"}],"version-history":[{"count":3,"href":"https:\/\/www.estudiodecomunicacion.com\/en\/wp-json\/wp\/v2\/posts\/43879\/revisions"}],"predecessor-version":[{"id":43987,"href":"https:\/\/www.estudiodecomunicacion.com\/en\/wp-json\/wp\/v2\/posts\/43879\/revisions\/43987"}],"wp:attachment":[{"href":"https:\/\/www.estudiodecomunicacion.com\/en\/wp-json\/wp\/v2\/media?parent=43879"}],"wp:term":[{"taxonomy":"category","embeddable":true,"href":"https:\/\/www.estudiodecomunicacion.com\/en\/wp-json\/wp\/v2\/categories?post=43879"},{"taxonomy":"post_tag","embeddable":true,"href":"https:\/\/www.estudiodecomunicacion.com\/en\/wp-json\/wp\/v2\/tags?post=43879"}],"curies":[{"name":"wp","href":"https:\/\/api.w.org\/{rel}","templated":true}]}}