{"id":44587,"date":"2023-01-31T12:45:35","date_gmt":"2023-01-31T12:45:35","guid":{"rendered":"https:\/\/www.estudiodecomunicacion.com\/?p=44587"},"modified":"2024-03-12T13:22:14","modified_gmt":"2024-03-12T13:22:14","slug":"a-pessimistic-but-moderate-country","status":"publish","type":"post","link":"https:\/\/www.estudiodecomunicacion.com\/en\/2023\/01\/31\/a-pessimistic-but-moderate-country\/","title":{"rendered":"A pessimistic but moderate country"},"content":{"rendered":"<p>Spanish voters are facing a difficult electoral year in 2023 -local, regional and national elections- with pessimism about the present and the future of the economy, but with an attitude of composure and serenity that contrasts with the polarization and tension detected in the political front.<\/p>\n<p>Six out of ten Spaniards, according to a survey carried out this week by the prestigious polling firm Metroscopia, define the economic situation in Spain as \u201cbad\u201d. That includes 86% of voters for the conservative Popular Party, but also 42% of voters for the Socialist Party and even 30% of voters for the leftist Podemos, the two parties that make up the Government coalition.<\/p>\n<p>Nevertheless, that pessimism about the economy does not lead Spaniards towards radicalism. 40% of Spaniards describe their attitude towards the country&#8217;s problems as &#8220;calm&#8221;, while only 16% express &#8220;anger&#8221; and only 7% confess &#8220;fear&#8221;.<\/p>\n<p>55% of the population understands that Spain is not so bad if compared to the situation in other similar countries, and 80% assume that various unforeseen events are taking place in the world that should be watched out for.<\/p>\n<p>It can therefore be deduced from these data that Spain is today a moderate country, aware of the economic problems it is going through, but willing to approach them prudently and calmly. It can even be said that Spanish society expresses itself in this electoral year with more prudence than its political class.<\/p>\n","protected":false},"excerpt":{"rendered":"<p>Spanish voters are facing a difficult electoral year in 2023 -local, regional and national elections- with pessimism about the present and the future of the economy, but with an attitude of composure and serenity that contrasts with the polarization and tension detected in the political front. Six out of ten Spaniards, according to a survey [&hellip;]<\/p>\n","protected":false},"author":106,"featured_media":0,"comment_status":"closed","ping_status":"closed","sticky":false,"template":"","format":"standard","meta":{"_monsterinsights_skip_tracking":false,"_monsterinsights_sitenote_active":false,"_monsterinsights_sitenote_note":"","_monsterinsights_sitenote_category":0,"footnotes":""},"categories":[11],"tags":[],"class_list":["post-44587","post","type-post","status-publish","format-standard","hentry","category-uncategorized"],"yoast_head":"<!-- This site is optimized with the Yoast SEO Premium plugin v27.4 (Yoast SEO v27.4) - https:\/\/yoast.com\/product\/yoast-seo-premium-wordpress\/ -->\n<title>A pessimistic but moderate country - Estudio de Comunicaci\u00f3n<\/title>\n<meta name=\"description\" content=\"Estudio de Comunicaci\u00f3n es una consultora de comunicaci\u00f3n y relaciones p\u00fablicas que cuenta con m\u00e1s de 160 profesionales en Espa\u00f1a, Argentina, Portugal, Chile y M\u00e9xico.\" \/>\n<meta name=\"robots\" content=\"index, follow, max-snippet:-1, max-image-preview:large, max-video-preview:-1\" \/>\n<link rel=\"canonical\" href=\"https:\/\/www.estudiodecomunicacion.com\/en\/2023\/01\/31\/a-pessimistic-but-moderate-country\/\" \/>\n<meta property=\"og:locale\" content=\"en_US\" \/>\n<meta property=\"og:type\" content=\"article\" \/>\n<meta property=\"og:title\" content=\"A pessimistic but moderate country\" \/>\n<meta property=\"og:description\" content=\"Estudio de Comunicaci\u00f3n es una consultora de comunicaci\u00f3n y relaciones p\u00fablicas que cuenta con m\u00e1s de 160 profesionales en Espa\u00f1a, Argentina, Portugal, Chile y M\u00e9xico.\" \/>\n<meta property=\"og:url\" content=\"https:\/\/www.estudiodecomunicacion.com\/en\/2023\/01\/31\/a-pessimistic-but-moderate-country\/\" \/>\n<meta property=\"og:site_name\" content=\"Estudio de Comunicaci\u00f3n\" \/>\n<meta property=\"article:publisher\" content=\"https:\/\/www.facebook.com\/estudiodecomunicacion\" \/>\n<meta property=\"article:published_time\" content=\"2023-01-31T12:45:35+00:00\" \/>\n<meta property=\"article:modified_time\" content=\"2024-03-12T13:22:14+00:00\" \/>\n<meta name=\"author\" content=\"Carmen Sotomayor\" \/>\n<meta name=\"twitter:card\" content=\"summary_large_image\" \/>\n<meta name=\"twitter:creator\" content=\"@EstComunicacion\" \/>\n<meta name=\"twitter:site\" content=\"@EstComunicacion\" \/>\n<meta name=\"twitter:label1\" content=\"Written by\" \/>\n\t<meta name=\"twitter:data1\" content=\"Carmen Sotomayor\" \/>\n\t<meta name=\"twitter:label2\" content=\"Est. reading time\" \/>\n\t<meta name=\"twitter:data2\" content=\"2 minutes\" \/>\n<script type=\"application\/ld+json\" class=\"yoast-schema-graph\">{\"@context\":\"https:\\\/\\\/schema.org\",\"@graph\":[{\"@type\":\"Article\",\"@id\":\"https:\\\/\\\/www.estudiodecomunicacion.com\\\/en\\\/2023\\\/01\\\/31\\\/a-pessimistic-but-moderate-country\\\/#article\",\"isPartOf\":{\"@id\":\"https:\\\/\\\/www.estudiodecomunicacion.com\\\/en\\\/2023\\\/01\\\/31\\\/a-pessimistic-but-moderate-country\\\/\"},\"author\":{\"name\":\"Carmen Sotomayor\",\"@id\":\"https:\\\/\\\/www.estudiodecomunicacion.com\\\/#\\\/schema\\\/person\\\/aedb626fbc0bfb9849c862f67f561f25\"},\"headline\":\"A pessimistic but moderate country\",\"datePublished\":\"2023-01-31T12:45:35+00:00\",\"dateModified\":\"2024-03-12T13:22:14+00:00\",\"mainEntityOfPage\":{\"@id\":\"https:\\\/\\\/www.estudiodecomunicacion.com\\\/en\\\/2023\\\/01\\\/31\\\/a-pessimistic-but-moderate-country\\\/\"},\"wordCount\":233,\"publisher\":{\"@id\":\"https:\\\/\\\/www.estudiodecomunicacion.com\\\/#organization\"},\"inLanguage\":\"en-US\"},{\"@type\":\"WebPage\",\"@id\":\"https:\\\/\\\/www.estudiodecomunicacion.com\\\/en\\\/2023\\\/01\\\/31\\\/a-pessimistic-but-moderate-country\\\/\",\"url\":\"https:\\\/\\\/www.estudiodecomunicacion.com\\\/en\\\/2023\\\/01\\\/31\\\/a-pessimistic-but-moderate-country\\\/\",\"name\":\"A pessimistic but moderate country - Estudio de Comunicaci\u00f3n\",\"isPartOf\":{\"@id\":\"https:\\\/\\\/www.estudiodecomunicacion.com\\\/#website\"},\"datePublished\":\"2023-01-31T12:45:35+00:00\",\"dateModified\":\"2024-03-12T13:22:14+00:00\",\"description\":\"Estudio de Comunicaci\u00f3n es una consultora de comunicaci\u00f3n y relaciones p\u00fablicas que cuenta con m\u00e1s de 160 profesionales en Espa\u00f1a, Argentina, Portugal, Chile y M\u00e9xico.\",\"breadcrumb\":{\"@id\":\"https:\\\/\\\/www.estudiodecomunicacion.com\\\/en\\\/2023\\\/01\\\/31\\\/a-pessimistic-but-moderate-country\\\/#breadcrumb\"},\"inLanguage\":\"en-US\",\"potentialAction\":[{\"@type\":\"ReadAction\",\"target\":[\"https:\\\/\\\/www.estudiodecomunicacion.com\\\/en\\\/2023\\\/01\\\/31\\\/a-pessimistic-but-moderate-country\\\/\"]}]},{\"@type\":\"BreadcrumbList\",\"@id\":\"https:\\\/\\\/www.estudiodecomunicacion.com\\\/en\\\/2023\\\/01\\\/31\\\/a-pessimistic-but-moderate-country\\\/#breadcrumb\",\"itemListElement\":[{\"@type\":\"ListItem\",\"position\":1,\"name\":\"Portada\",\"item\":\"https:\\\/\\\/www.estudiodecomunicacion.com\\\/en\\\/\"},{\"@type\":\"ListItem\",\"position\":2,\"name\":\"A pessimistic but moderate country\"}]},{\"@type\":\"WebSite\",\"@id\":\"https:\\\/\\\/www.estudiodecomunicacion.com\\\/#website\",\"url\":\"https:\\\/\\\/www.estudiodecomunicacion.com\\\/\",\"name\":\"Estudio de Comunicaci\u00f3n - Consultores de Comunicaci\u00f3n y Relaciones P\u00fablicas\",\"description\":\"Consultora de Comunicaci\u00f3n y Relaciones P\u00fablicas\",\"publisher\":{\"@id\":\"https:\\\/\\\/www.estudiodecomunicacion.com\\\/#organization\"},\"potentialAction\":[{\"@type\":\"SearchAction\",\"target\":{\"@type\":\"EntryPoint\",\"urlTemplate\":\"https:\\\/\\\/www.estudiodecomunicacion.com\\\/?s={search_term_string}\"},\"query-input\":{\"@type\":\"PropertyValueSpecification\",\"valueRequired\":true,\"valueName\":\"search_term_string\"}}],\"inLanguage\":\"en-US\"},{\"@type\":\"Organization\",\"@id\":\"https:\\\/\\\/www.estudiodecomunicacion.com\\\/#organization\",\"name\":\"Estudio de Comunicaci\u00f3n\",\"url\":\"https:\\\/\\\/www.estudiodecomunicacion.com\\\/\",\"logo\":{\"@type\":\"ImageObject\",\"inLanguage\":\"en-US\",\"@id\":\"https:\\\/\\\/www.estudiodecomunicacion.com\\\/#\\\/schema\\\/logo\\\/image\\\/\",\"url\":\"https:\\\/\\\/www.estudiodecomunicacion.com\\\/wp-content\\\/uploads\\\/2018\\\/02\\\/EC_LogoEC.R_LogoLazo-03-03.png\",\"contentUrl\":\"https:\\\/\\\/www.estudiodecomunicacion.com\\\/wp-content\\\/uploads\\\/2018\\\/02\\\/EC_LogoEC.R_LogoLazo-03-03.png\",\"width\":431,\"height\":401,\"caption\":\"Estudio de Comunicaci\u00f3n\"},\"image\":{\"@id\":\"https:\\\/\\\/www.estudiodecomunicacion.com\\\/#\\\/schema\\\/logo\\\/image\\\/\"},\"sameAs\":[\"https:\\\/\\\/www.facebook.com\\\/estudiodecomunicacion\",\"https:\\\/\\\/x.com\\\/EstComunicacion\",\"https:\\\/\\\/www.instagram.com\\\/estcomunicacion\\\/\",\"https:\\\/\\\/www.linkedin.com\\\/company\\\/estudio-de-comunicacion\\\/?originalSubdomain=es\",\"https:\\\/\\\/www.youtube.com\\\/user\\\/EstComunicacion\"]},{\"@type\":\"Person\",\"@id\":\"https:\\\/\\\/www.estudiodecomunicacion.com\\\/#\\\/schema\\\/person\\\/aedb626fbc0bfb9849c862f67f561f25\",\"name\":\"Carmen Sotomayor\",\"url\":\"https:\\\/\\\/www.estudiodecomunicacion.com\\\/en\\\/author\\\/csotomayor\\\/\"}]}<\/script>\n<!-- \/ Yoast SEO Premium plugin. -->","yoast_head_json":{"title":"A pessimistic but moderate country - Estudio de Comunicaci\u00f3n","description":"Estudio de Comunicaci\u00f3n es una consultora de comunicaci\u00f3n y relaciones p\u00fablicas que cuenta con m\u00e1s de 160 profesionales en Espa\u00f1a, Argentina, Portugal, Chile y M\u00e9xico.","robots":{"index":"index","follow":"follow","max-snippet":"max-snippet:-1","max-image-preview":"max-image-preview:large","max-video-preview":"max-video-preview:-1"},"canonical":"https:\/\/www.estudiodecomunicacion.com\/en\/2023\/01\/31\/a-pessimistic-but-moderate-country\/","og_locale":"en_US","og_type":"article","og_title":"A pessimistic but moderate country","og_description":"Estudio de Comunicaci\u00f3n es una consultora de comunicaci\u00f3n y relaciones p\u00fablicas que cuenta con m\u00e1s de 160 profesionales en Espa\u00f1a, Argentina, Portugal, Chile y M\u00e9xico.","og_url":"https:\/\/www.estudiodecomunicacion.com\/en\/2023\/01\/31\/a-pessimistic-but-moderate-country\/","og_site_name":"Estudio de Comunicaci\u00f3n","article_publisher":"https:\/\/www.facebook.com\/estudiodecomunicacion","article_published_time":"2023-01-31T12:45:35+00:00","article_modified_time":"2024-03-12T13:22:14+00:00","author":"Carmen Sotomayor","twitter_card":"summary_large_image","twitter_creator":"@EstComunicacion","twitter_site":"@EstComunicacion","twitter_misc":{"Written by":"Carmen Sotomayor","Est. reading time":"2 minutes"},"schema":{"@context":"https:\/\/schema.org","@graph":[{"@type":"Article","@id":"https:\/\/www.estudiodecomunicacion.com\/en\/2023\/01\/31\/a-pessimistic-but-moderate-country\/#article","isPartOf":{"@id":"https:\/\/www.estudiodecomunicacion.com\/en\/2023\/01\/31\/a-pessimistic-but-moderate-country\/"},"author":{"name":"Carmen Sotomayor","@id":"https:\/\/www.estudiodecomunicacion.com\/#\/schema\/person\/aedb626fbc0bfb9849c862f67f561f25"},"headline":"A pessimistic but moderate country","datePublished":"2023-01-31T12:45:35+00:00","dateModified":"2024-03-12T13:22:14+00:00","mainEntityOfPage":{"@id":"https:\/\/www.estudiodecomunicacion.com\/en\/2023\/01\/31\/a-pessimistic-but-moderate-country\/"},"wordCount":233,"publisher":{"@id":"https:\/\/www.estudiodecomunicacion.com\/#organization"},"inLanguage":"en-US"},{"@type":"WebPage","@id":"https:\/\/www.estudiodecomunicacion.com\/en\/2023\/01\/31\/a-pessimistic-but-moderate-country\/","url":"https:\/\/www.estudiodecomunicacion.com\/en\/2023\/01\/31\/a-pessimistic-but-moderate-country\/","name":"A pessimistic but moderate country - Estudio de Comunicaci\u00f3n","isPartOf":{"@id":"https:\/\/www.estudiodecomunicacion.com\/#website"},"datePublished":"2023-01-31T12:45:35+00:00","dateModified":"2024-03-12T13:22:14+00:00","description":"Estudio de Comunicaci\u00f3n es una consultora de comunicaci\u00f3n y relaciones p\u00fablicas que cuenta con m\u00e1s de 160 profesionales en Espa\u00f1a, Argentina, Portugal, Chile y M\u00e9xico.","breadcrumb":{"@id":"https:\/\/www.estudiodecomunicacion.com\/en\/2023\/01\/31\/a-pessimistic-but-moderate-country\/#breadcrumb"},"inLanguage":"en-US","potentialAction":[{"@type":"ReadAction","target":["https:\/\/www.estudiodecomunicacion.com\/en\/2023\/01\/31\/a-pessimistic-but-moderate-country\/"]}]},{"@type":"BreadcrumbList","@id":"https:\/\/www.estudiodecomunicacion.com\/en\/2023\/01\/31\/a-pessimistic-but-moderate-country\/#breadcrumb","itemListElement":[{"@type":"ListItem","position":1,"name":"Portada","item":"https:\/\/www.estudiodecomunicacion.com\/en\/"},{"@type":"ListItem","position":2,"name":"A pessimistic but moderate country"}]},{"@type":"WebSite","@id":"https:\/\/www.estudiodecomunicacion.com\/#website","url":"https:\/\/www.estudiodecomunicacion.com\/","name":"Estudio de Comunicaci\u00f3n - Consultores de Comunicaci\u00f3n y Relaciones P\u00fablicas","description":"Consultora de Comunicaci\u00f3n y Relaciones P\u00fablicas","publisher":{"@id":"https:\/\/www.estudiodecomunicacion.com\/#organization"},"potentialAction":[{"@type":"SearchAction","target":{"@type":"EntryPoint","urlTemplate":"https:\/\/www.estudiodecomunicacion.com\/?s={search_term_string}"},"query-input":{"@type":"PropertyValueSpecification","valueRequired":true,"valueName":"search_term_string"}}],"inLanguage":"en-US"},{"@type":"Organization","@id":"https:\/\/www.estudiodecomunicacion.com\/#organization","name":"Estudio de Comunicaci\u00f3n","url":"https:\/\/www.estudiodecomunicacion.com\/","logo":{"@type":"ImageObject","inLanguage":"en-US","@id":"https:\/\/www.estudiodecomunicacion.com\/#\/schema\/logo\/image\/","url":"https:\/\/www.estudiodecomunicacion.com\/wp-content\/uploads\/2018\/02\/EC_LogoEC.R_LogoLazo-03-03.png","contentUrl":"https:\/\/www.estudiodecomunicacion.com\/wp-content\/uploads\/2018\/02\/EC_LogoEC.R_LogoLazo-03-03.png","width":431,"height":401,"caption":"Estudio de Comunicaci\u00f3n"},"image":{"@id":"https:\/\/www.estudiodecomunicacion.com\/#\/schema\/logo\/image\/"},"sameAs":["https:\/\/www.facebook.com\/estudiodecomunicacion","https:\/\/x.com\/EstComunicacion","https:\/\/www.instagram.com\/estcomunicacion\/","https:\/\/www.linkedin.com\/company\/estudio-de-comunicacion\/?originalSubdomain=es","https:\/\/www.youtube.com\/user\/EstComunicacion"]},{"@type":"Person","@id":"https:\/\/www.estudiodecomunicacion.com\/#\/schema\/person\/aedb626fbc0bfb9849c862f67f561f25","name":"Carmen Sotomayor","url":"https:\/\/www.estudiodecomunicacion.com\/en\/author\/csotomayor\/"}]}},"_links":{"self":[{"href":"https:\/\/www.estudiodecomunicacion.com\/en\/wp-json\/wp\/v2\/posts\/44587","targetHints":{"allow":["GET"]}}],"collection":[{"href":"https:\/\/www.estudiodecomunicacion.com\/en\/wp-json\/wp\/v2\/posts"}],"about":[{"href":"https:\/\/www.estudiodecomunicacion.com\/en\/wp-json\/wp\/v2\/types\/post"}],"author":[{"embeddable":true,"href":"https:\/\/www.estudiodecomunicacion.com\/en\/wp-json\/wp\/v2\/users\/106"}],"replies":[{"embeddable":true,"href":"https:\/\/www.estudiodecomunicacion.com\/en\/wp-json\/wp\/v2\/comments?post=44587"}],"version-history":[{"count":1,"href":"https:\/\/www.estudiodecomunicacion.com\/en\/wp-json\/wp\/v2\/posts\/44587\/revisions"}],"predecessor-version":[{"id":44588,"href":"https:\/\/www.estudiodecomunicacion.com\/en\/wp-json\/wp\/v2\/posts\/44587\/revisions\/44588"}],"wp:attachment":[{"href":"https:\/\/www.estudiodecomunicacion.com\/en\/wp-json\/wp\/v2\/media?parent=44587"}],"wp:term":[{"taxonomy":"category","embeddable":true,"href":"https:\/\/www.estudiodecomunicacion.com\/en\/wp-json\/wp\/v2\/categories?post=44587"},{"taxonomy":"post_tag","embeddable":true,"href":"https:\/\/www.estudiodecomunicacion.com\/en\/wp-json\/wp\/v2\/tags?post=44587"}],"curies":[{"name":"wp","href":"https:\/\/api.w.org\/{rel}","templated":true}]}}