{"id":49349,"date":"2023-07-05T11:08:16","date_gmt":"2023-07-05T11:08:16","guid":{"rendered":"https:\/\/www.estudiodecomunicacion.com\/?p=49349"},"modified":"2023-07-05T11:08:16","modified_gmt":"2023-07-05T11:08:16","slug":"risk-of-political-blockade","status":"publish","type":"post","link":"https:\/\/www.estudiodecomunicacion.com\/en\/2023\/07\/05\/risk-of-political-blockade\/","title":{"rendered":"RISK OF POLITICAL BLOCKADE"},"content":{"rendered":"<p>Spain seems to be heading towards a new coalition Government. The elections to be held on July 23rd could offer a result that makes it impossible for either of the two major parties -Partido Popular and Partido Socialista Obrero Espa\u00f1ol- from forming a Government alone. So, a difficult negotiation process with small parties would be necessary to be able to constitute the next Executive. It cannot even be ruled out at this time that the elections would have to be repeated.<\/p>\n<p>This uncertainty coincides with the period in which Spain holds the rotating presidency of the European Union, which runs from July 1st to the last day of December.<\/p>\n<p>The polls predict a victory for the conservative Popular Party (PP), but with an insufficient number of seats in Parliament to be able to form a Government alone. The most feasible alliance would be with the far-right Vox party, but the negotiation could be long and complicated, since the leader of the PP, Alberto N\u00fa\u00f1ez Feij\u00f3o, has assured that he will not renounce the essential principles of his political program in exchange for being prime minister.<\/p>\n<p>With regard to the party that is now the majority in the Government, the Spanish Socialist Workers&#8217; Party (PSOE), no survey gives it as the favorite for victory on the 23rd, although the possibility of forming a Government in a coalition with all the parties at his left, as well as with other nationalist and regionalist parties, is not ruled out.<\/p>\n<p>A coalition of this nature would entail a risk of political instability, since the PSOE would probably have fewer seats in Parliament than it currently has and would be forced to join very different political forces with interests and programs that sometimes clash with those of the PSOE.<\/p>\n<p>Nor would it be easy to build a pact on the right either. Even if the PP were the party with the most votes, it would have to get the support to govern from a party like Vox that repeats the populist and anti-immigration speech that other far-right parties have been delivering in different European countries in recent years.<\/p>\n<p>Therefore, Spain may find itself in a political blockade as of July 23rd that could even last several months. Only an unlikely victory for the PP by an absolute majority would guarantee the rapid formation of a new Government.<\/p>\n<p>Article by Antonio Ca\u00f1o, partner at estudio de Comunicaci\u00f3n<\/p>\n","protected":false},"excerpt":{"rendered":"<p>Spain seems to be heading towards a new coalition Government. The elections to be held on July 23rd could offer a result that makes it impossible for either of the two major parties -Partido Popular and Partido Socialista Obrero Espa\u00f1ol- from forming a Government alone. So, a difficult negotiation process with small parties would be [&hellip;]<\/p>\n","protected":false},"author":10,"featured_media":49350,"comment_status":"closed","ping_status":"closed","sticky":false,"template":"","format":"standard","meta":{"_monsterinsights_skip_tracking":false,"_monsterinsights_sitenote_active":false,"_monsterinsights_sitenote_note":"","_monsterinsights_sitenote_category":0,"footnotes":""},"categories":[11471],"tags":[],"class_list":["post-49349","post","type-post","status-publish","format-standard","has-post-thumbnail","hentry","category-antonio-cano-2"],"yoast_head":"<!-- This site is optimized with the Yoast SEO Premium plugin v27.4 (Yoast SEO v27.4) - https:\/\/yoast.com\/product\/yoast-seo-premium-wordpress\/ -->\n<title>RISK OF POLITICAL BLOCKADE - Estudio de Comunicaci\u00f3n<\/title>\n<meta name=\"description\" content=\"The next elections held on July 23rd, could present a risk of political blockade where none of the two major parties may be able to form a Government alone.\" \/>\n<meta name=\"robots\" content=\"index, follow, max-snippet:-1, max-image-preview:large, max-video-preview:-1\" \/>\n<link rel=\"canonical\" href=\"https:\/\/www.estudiodecomunicacion.com\/en\/2023\/07\/05\/risk-of-political-blockade\/\" \/>\n<meta property=\"og:locale\" content=\"en_US\" \/>\n<meta property=\"og:type\" content=\"article\" \/>\n<meta property=\"og:title\" content=\"RISK OF POLITICAL BLOCKADE\" \/>\n<meta property=\"og:description\" content=\"The next elections held on July 23rd, could present a risk of political blockade where none of the two major parties may be able to form a Government alone.\" \/>\n<meta property=\"og:url\" content=\"https:\/\/www.estudiodecomunicacion.com\/en\/2023\/07\/05\/risk-of-political-blockade\/\" \/>\n<meta property=\"og:site_name\" content=\"Estudio de Comunicaci\u00f3n\" \/>\n<meta property=\"article:publisher\" content=\"https:\/\/www.facebook.com\/estudiodecomunicacion\" \/>\n<meta property=\"article:published_time\" content=\"2023-07-05T11:08:16+00:00\" \/>\n<meta property=\"og:image\" content=\"https:\/\/www.estudiodecomunicacion.com\/wp-content\/uploads\/2023\/07\/Portadas-articulos-1.png\" \/>\n\t<meta property=\"og:image:width\" content=\"1767\" \/>\n\t<meta property=\"og:image:height\" content=\"1005\" \/>\n\t<meta property=\"og:image:type\" content=\"image\/png\" \/>\n<meta name=\"author\" content=\"ecambuj\" \/>\n<meta name=\"twitter:card\" content=\"summary_large_image\" \/>\n<meta name=\"twitter:creator\" content=\"@EstComunicacion\" \/>\n<meta name=\"twitter:site\" content=\"@EstComunicacion\" \/>\n<meta name=\"twitter:label1\" content=\"Written by\" \/>\n\t<meta name=\"twitter:data1\" content=\"ecambuj\" \/>\n\t<meta name=\"twitter:label2\" content=\"Est. reading time\" \/>\n\t<meta name=\"twitter:data2\" content=\"2 minutes\" \/>\n<script type=\"application\/ld+json\" class=\"yoast-schema-graph\">{\"@context\":\"https:\\\/\\\/schema.org\",\"@graph\":[{\"@type\":\"Article\",\"@id\":\"https:\\\/\\\/www.estudiodecomunicacion.com\\\/en\\\/2023\\\/07\\\/05\\\/risk-of-political-blockade\\\/#article\",\"isPartOf\":{\"@id\":\"https:\\\/\\\/www.estudiodecomunicacion.com\\\/en\\\/2023\\\/07\\\/05\\\/risk-of-political-blockade\\\/\"},\"author\":{\"name\":\"ecambuj\",\"@id\":\"https:\\\/\\\/www.estudiodecomunicacion.com\\\/#\\\/schema\\\/person\\\/dc483160485c7aaac6cdac590be3b0fd\"},\"headline\":\"RISK OF POLITICAL BLOCKADE\",\"datePublished\":\"2023-07-05T11:08:16+00:00\",\"mainEntityOfPage\":{\"@id\":\"https:\\\/\\\/www.estudiodecomunicacion.com\\\/en\\\/2023\\\/07\\\/05\\\/risk-of-political-blockade\\\/\"},\"wordCount\":410,\"publisher\":{\"@id\":\"https:\\\/\\\/www.estudiodecomunicacion.com\\\/#organization\"},\"image\":{\"@id\":\"https:\\\/\\\/www.estudiodecomunicacion.com\\\/en\\\/2023\\\/07\\\/05\\\/risk-of-political-blockade\\\/#primaryimage\"},\"thumbnailUrl\":\"https:\\\/\\\/www.estudiodecomunicacion.com\\\/wp-content\\\/uploads\\\/2023\\\/07\\\/Portadas-articulos-1.png\",\"articleSection\":[\"Antonio Ca\u00f1o\"],\"inLanguage\":\"en-US\"},{\"@type\":\"WebPage\",\"@id\":\"https:\\\/\\\/www.estudiodecomunicacion.com\\\/en\\\/2023\\\/07\\\/05\\\/risk-of-political-blockade\\\/\",\"url\":\"https:\\\/\\\/www.estudiodecomunicacion.com\\\/en\\\/2023\\\/07\\\/05\\\/risk-of-political-blockade\\\/\",\"name\":\"RISK OF POLITICAL BLOCKADE - Estudio de Comunicaci\u00f3n\",\"isPartOf\":{\"@id\":\"https:\\\/\\\/www.estudiodecomunicacion.com\\\/#website\"},\"primaryImageOfPage\":{\"@id\":\"https:\\\/\\\/www.estudiodecomunicacion.com\\\/en\\\/2023\\\/07\\\/05\\\/risk-of-political-blockade\\\/#primaryimage\"},\"image\":{\"@id\":\"https:\\\/\\\/www.estudiodecomunicacion.com\\\/en\\\/2023\\\/07\\\/05\\\/risk-of-political-blockade\\\/#primaryimage\"},\"thumbnailUrl\":\"https:\\\/\\\/www.estudiodecomunicacion.com\\\/wp-content\\\/uploads\\\/2023\\\/07\\\/Portadas-articulos-1.png\",\"datePublished\":\"2023-07-05T11:08:16+00:00\",\"description\":\"The next elections held on July 23rd, could present a risk of political blockade where none of the two major parties may be able to form a Government alone.\",\"breadcrumb\":{\"@id\":\"https:\\\/\\\/www.estudiodecomunicacion.com\\\/en\\\/2023\\\/07\\\/05\\\/risk-of-political-blockade\\\/#breadcrumb\"},\"inLanguage\":\"en-US\",\"potentialAction\":[{\"@type\":\"ReadAction\",\"target\":[\"https:\\\/\\\/www.estudiodecomunicacion.com\\\/en\\\/2023\\\/07\\\/05\\\/risk-of-political-blockade\\\/\"]}]},{\"@type\":\"ImageObject\",\"inLanguage\":\"en-US\",\"@id\":\"https:\\\/\\\/www.estudiodecomunicacion.com\\\/en\\\/2023\\\/07\\\/05\\\/risk-of-political-blockade\\\/#primaryimage\",\"url\":\"https:\\\/\\\/www.estudiodecomunicacion.com\\\/wp-content\\\/uploads\\\/2023\\\/07\\\/Portadas-articulos-1.png\",\"contentUrl\":\"https:\\\/\\\/www.estudiodecomunicacion.com\\\/wp-content\\\/uploads\\\/2023\\\/07\\\/Portadas-articulos-1.png\",\"width\":1767,\"height\":1005,\"caption\":\"article cover photo by antonio ca\u00f1o\"},{\"@type\":\"BreadcrumbList\",\"@id\":\"https:\\\/\\\/www.estudiodecomunicacion.com\\\/en\\\/2023\\\/07\\\/05\\\/risk-of-political-blockade\\\/#breadcrumb\",\"itemListElement\":[{\"@type\":\"ListItem\",\"position\":1,\"name\":\"Portada\",\"item\":\"https:\\\/\\\/www.estudiodecomunicacion.com\\\/en\\\/\"},{\"@type\":\"ListItem\",\"position\":2,\"name\":\"RISK OF POLITICAL BLOCKADE\"}]},{\"@type\":\"WebSite\",\"@id\":\"https:\\\/\\\/www.estudiodecomunicacion.com\\\/#website\",\"url\":\"https:\\\/\\\/www.estudiodecomunicacion.com\\\/\",\"name\":\"Estudio de Comunicaci\u00f3n - Consultores de Comunicaci\u00f3n y Relaciones P\u00fablicas\",\"description\":\"Consultora de Comunicaci\u00f3n y Relaciones P\u00fablicas\",\"publisher\":{\"@id\":\"https:\\\/\\\/www.estudiodecomunicacion.com\\\/#organization\"},\"potentialAction\":[{\"@type\":\"SearchAction\",\"target\":{\"@type\":\"EntryPoint\",\"urlTemplate\":\"https:\\\/\\\/www.estudiodecomunicacion.com\\\/?s={search_term_string}\"},\"query-input\":{\"@type\":\"PropertyValueSpecification\",\"valueRequired\":true,\"valueName\":\"search_term_string\"}}],\"inLanguage\":\"en-US\"},{\"@type\":\"Organization\",\"@id\":\"https:\\\/\\\/www.estudiodecomunicacion.com\\\/#organization\",\"name\":\"Estudio de Comunicaci\u00f3n\",\"url\":\"https:\\\/\\\/www.estudiodecomunicacion.com\\\/\",\"logo\":{\"@type\":\"ImageObject\",\"inLanguage\":\"en-US\",\"@id\":\"https:\\\/\\\/www.estudiodecomunicacion.com\\\/#\\\/schema\\\/logo\\\/image\\\/\",\"url\":\"https:\\\/\\\/www.estudiodecomunicacion.com\\\/wp-content\\\/uploads\\\/2018\\\/02\\\/EC_LogoEC.R_LogoLazo-03-03.png\",\"contentUrl\":\"https:\\\/\\\/www.estudiodecomunicacion.com\\\/wp-content\\\/uploads\\\/2018\\\/02\\\/EC_LogoEC.R_LogoLazo-03-03.png\",\"width\":431,\"height\":401,\"caption\":\"Estudio de Comunicaci\u00f3n\"},\"image\":{\"@id\":\"https:\\\/\\\/www.estudiodecomunicacion.com\\\/#\\\/schema\\\/logo\\\/image\\\/\"},\"sameAs\":[\"https:\\\/\\\/www.facebook.com\\\/estudiodecomunicacion\",\"https:\\\/\\\/x.com\\\/EstComunicacion\",\"https:\\\/\\\/www.instagram.com\\\/estcomunicacion\\\/\",\"https:\\\/\\\/www.linkedin.com\\\/company\\\/estudio-de-comunicacion\\\/?originalSubdomain=es\",\"https:\\\/\\\/www.youtube.com\\\/user\\\/EstComunicacion\"]},{\"@type\":\"Person\",\"@id\":\"https:\\\/\\\/www.estudiodecomunicacion.com\\\/#\\\/schema\\\/person\\\/dc483160485c7aaac6cdac590be3b0fd\",\"name\":\"ecambuj\",\"url\":\"https:\\\/\\\/www.estudiodecomunicacion.com\\\/en\\\/author\\\/ecambuj\\\/\"}]}<\/script>\n<!-- \/ Yoast SEO Premium plugin. -->","yoast_head_json":{"title":"RISK OF POLITICAL BLOCKADE - Estudio de Comunicaci\u00f3n","description":"The next elections held on July 23rd, could present a risk of political blockade where none of the two major parties may be able to form a Government alone.","robots":{"index":"index","follow":"follow","max-snippet":"max-snippet:-1","max-image-preview":"max-image-preview:large","max-video-preview":"max-video-preview:-1"},"canonical":"https:\/\/www.estudiodecomunicacion.com\/en\/2023\/07\/05\/risk-of-political-blockade\/","og_locale":"en_US","og_type":"article","og_title":"RISK OF POLITICAL BLOCKADE","og_description":"The next elections held on July 23rd, could present a risk of political blockade where none of the two major parties may be able to form a Government alone.","og_url":"https:\/\/www.estudiodecomunicacion.com\/en\/2023\/07\/05\/risk-of-political-blockade\/","og_site_name":"Estudio de Comunicaci\u00f3n","article_publisher":"https:\/\/www.facebook.com\/estudiodecomunicacion","article_published_time":"2023-07-05T11:08:16+00:00","og_image":[{"width":1767,"height":1005,"url":"https:\/\/www.estudiodecomunicacion.com\/wp-content\/uploads\/2023\/07\/Portadas-articulos-1.png","type":"image\/png"}],"author":"ecambuj","twitter_card":"summary_large_image","twitter_creator":"@EstComunicacion","twitter_site":"@EstComunicacion","twitter_misc":{"Written by":"ecambuj","Est. reading time":"2 minutes"},"schema":{"@context":"https:\/\/schema.org","@graph":[{"@type":"Article","@id":"https:\/\/www.estudiodecomunicacion.com\/en\/2023\/07\/05\/risk-of-political-blockade\/#article","isPartOf":{"@id":"https:\/\/www.estudiodecomunicacion.com\/en\/2023\/07\/05\/risk-of-political-blockade\/"},"author":{"name":"ecambuj","@id":"https:\/\/www.estudiodecomunicacion.com\/#\/schema\/person\/dc483160485c7aaac6cdac590be3b0fd"},"headline":"RISK OF POLITICAL BLOCKADE","datePublished":"2023-07-05T11:08:16+00:00","mainEntityOfPage":{"@id":"https:\/\/www.estudiodecomunicacion.com\/en\/2023\/07\/05\/risk-of-political-blockade\/"},"wordCount":410,"publisher":{"@id":"https:\/\/www.estudiodecomunicacion.com\/#organization"},"image":{"@id":"https:\/\/www.estudiodecomunicacion.com\/en\/2023\/07\/05\/risk-of-political-blockade\/#primaryimage"},"thumbnailUrl":"https:\/\/www.estudiodecomunicacion.com\/wp-content\/uploads\/2023\/07\/Portadas-articulos-1.png","articleSection":["Antonio Ca\u00f1o"],"inLanguage":"en-US"},{"@type":"WebPage","@id":"https:\/\/www.estudiodecomunicacion.com\/en\/2023\/07\/05\/risk-of-political-blockade\/","url":"https:\/\/www.estudiodecomunicacion.com\/en\/2023\/07\/05\/risk-of-political-blockade\/","name":"RISK OF POLITICAL BLOCKADE - Estudio de Comunicaci\u00f3n","isPartOf":{"@id":"https:\/\/www.estudiodecomunicacion.com\/#website"},"primaryImageOfPage":{"@id":"https:\/\/www.estudiodecomunicacion.com\/en\/2023\/07\/05\/risk-of-political-blockade\/#primaryimage"},"image":{"@id":"https:\/\/www.estudiodecomunicacion.com\/en\/2023\/07\/05\/risk-of-political-blockade\/#primaryimage"},"thumbnailUrl":"https:\/\/www.estudiodecomunicacion.com\/wp-content\/uploads\/2023\/07\/Portadas-articulos-1.png","datePublished":"2023-07-05T11:08:16+00:00","description":"The next elections held on July 23rd, could present a risk of political blockade where none of the two major parties may be able to form a Government alone.","breadcrumb":{"@id":"https:\/\/www.estudiodecomunicacion.com\/en\/2023\/07\/05\/risk-of-political-blockade\/#breadcrumb"},"inLanguage":"en-US","potentialAction":[{"@type":"ReadAction","target":["https:\/\/www.estudiodecomunicacion.com\/en\/2023\/07\/05\/risk-of-political-blockade\/"]}]},{"@type":"ImageObject","inLanguage":"en-US","@id":"https:\/\/www.estudiodecomunicacion.com\/en\/2023\/07\/05\/risk-of-political-blockade\/#primaryimage","url":"https:\/\/www.estudiodecomunicacion.com\/wp-content\/uploads\/2023\/07\/Portadas-articulos-1.png","contentUrl":"https:\/\/www.estudiodecomunicacion.com\/wp-content\/uploads\/2023\/07\/Portadas-articulos-1.png","width":1767,"height":1005,"caption":"article cover photo by antonio ca\u00f1o"},{"@type":"BreadcrumbList","@id":"https:\/\/www.estudiodecomunicacion.com\/en\/2023\/07\/05\/risk-of-political-blockade\/#breadcrumb","itemListElement":[{"@type":"ListItem","position":1,"name":"Portada","item":"https:\/\/www.estudiodecomunicacion.com\/en\/"},{"@type":"ListItem","position":2,"name":"RISK OF POLITICAL BLOCKADE"}]},{"@type":"WebSite","@id":"https:\/\/www.estudiodecomunicacion.com\/#website","url":"https:\/\/www.estudiodecomunicacion.com\/","name":"Estudio de Comunicaci\u00f3n - Consultores de Comunicaci\u00f3n y Relaciones P\u00fablicas","description":"Consultora de Comunicaci\u00f3n y Relaciones P\u00fablicas","publisher":{"@id":"https:\/\/www.estudiodecomunicacion.com\/#organization"},"potentialAction":[{"@type":"SearchAction","target":{"@type":"EntryPoint","urlTemplate":"https:\/\/www.estudiodecomunicacion.com\/?s={search_term_string}"},"query-input":{"@type":"PropertyValueSpecification","valueRequired":true,"valueName":"search_term_string"}}],"inLanguage":"en-US"},{"@type":"Organization","@id":"https:\/\/www.estudiodecomunicacion.com\/#organization","name":"Estudio de Comunicaci\u00f3n","url":"https:\/\/www.estudiodecomunicacion.com\/","logo":{"@type":"ImageObject","inLanguage":"en-US","@id":"https:\/\/www.estudiodecomunicacion.com\/#\/schema\/logo\/image\/","url":"https:\/\/www.estudiodecomunicacion.com\/wp-content\/uploads\/2018\/02\/EC_LogoEC.R_LogoLazo-03-03.png","contentUrl":"https:\/\/www.estudiodecomunicacion.com\/wp-content\/uploads\/2018\/02\/EC_LogoEC.R_LogoLazo-03-03.png","width":431,"height":401,"caption":"Estudio de Comunicaci\u00f3n"},"image":{"@id":"https:\/\/www.estudiodecomunicacion.com\/#\/schema\/logo\/image\/"},"sameAs":["https:\/\/www.facebook.com\/estudiodecomunicacion","https:\/\/x.com\/EstComunicacion","https:\/\/www.instagram.com\/estcomunicacion\/","https:\/\/www.linkedin.com\/company\/estudio-de-comunicacion\/?originalSubdomain=es","https:\/\/www.youtube.com\/user\/EstComunicacion"]},{"@type":"Person","@id":"https:\/\/www.estudiodecomunicacion.com\/#\/schema\/person\/dc483160485c7aaac6cdac590be3b0fd","name":"ecambuj","url":"https:\/\/www.estudiodecomunicacion.com\/en\/author\/ecambuj\/"}]}},"_links":{"self":[{"href":"https:\/\/www.estudiodecomunicacion.com\/en\/wp-json\/wp\/v2\/posts\/49349","targetHints":{"allow":["GET"]}}],"collection":[{"href":"https:\/\/www.estudiodecomunicacion.com\/en\/wp-json\/wp\/v2\/posts"}],"about":[{"href":"https:\/\/www.estudiodecomunicacion.com\/en\/wp-json\/wp\/v2\/types\/post"}],"author":[{"embeddable":true,"href":"https:\/\/www.estudiodecomunicacion.com\/en\/wp-json\/wp\/v2\/users\/10"}],"replies":[{"embeddable":true,"href":"https:\/\/www.estudiodecomunicacion.com\/en\/wp-json\/wp\/v2\/comments?post=49349"}],"version-history":[{"count":1,"href":"https:\/\/www.estudiodecomunicacion.com\/en\/wp-json\/wp\/v2\/posts\/49349\/revisions"}],"predecessor-version":[{"id":49353,"href":"https:\/\/www.estudiodecomunicacion.com\/en\/wp-json\/wp\/v2\/posts\/49349\/revisions\/49353"}],"wp:featuredmedia":[{"embeddable":true,"href":"https:\/\/www.estudiodecomunicacion.com\/en\/wp-json\/wp\/v2\/media\/49350"}],"wp:attachment":[{"href":"https:\/\/www.estudiodecomunicacion.com\/en\/wp-json\/wp\/v2\/media?parent=49349"}],"wp:term":[{"taxonomy":"category","embeddable":true,"href":"https:\/\/www.estudiodecomunicacion.com\/en\/wp-json\/wp\/v2\/categories?post=49349"},{"taxonomy":"post_tag","embeddable":true,"href":"https:\/\/www.estudiodecomunicacion.com\/en\/wp-json\/wp\/v2\/tags?post=49349"}],"curies":[{"name":"wp","href":"https:\/\/api.w.org\/{rel}","templated":true}]}}