{"id":49643,"date":"2023-09-11T11:40:07","date_gmt":"2023-09-11T11:40:07","guid":{"rendered":"https:\/\/www.estudiodecomunicacion.com\/?p=49643"},"modified":"2023-09-11T11:40:07","modified_gmt":"2023-09-11T11:40:07","slug":"in-the-hands-of-the-independentists","status":"publish","type":"post","link":"https:\/\/www.estudiodecomunicacion.com\/en\/2023\/09\/11\/in-the-hands-of-the-independentists\/","title":{"rendered":"In the hands of the independentists"},"content":{"rendered":"<p class=\"x_MsoNormal\"><span lang=\"EN-US\">Spain is going through a difficult political moment in which the only possibility of forming a new Government in the short term depends on the pro-independence parties of Catalonia and, particularly, on one of its best-known leaders, Carlos Puigdemont, who is on the run from Spanish justice, persecuted for having organized the illegal referendum of October 1, 2017.<\/span><\/p>\n<p class=\"x_MsoNormal\"><span lang=\"EN-US\">The recent elections on July 23 led to a dispersion of the vote and neither one of the two main parties -Partido Popular (PP) and Partido Socialista Obrero Espa\u00f1ol (PSOE)- obtained a sufficient majority to form a Government. Spain is a parliamentary system in which the support of at least 176 members of Congress is necessary to constitute a Government.<\/span><\/p>\n<p class=\"x_MsoNormal\"><span lang=\"EN-US\">The center-right PP, which was the winner of the elections with 137 seats in Parliament, already has the support of the far-right party Vox, but it is still far from the 176 necessary to get the green light from Congress.<\/span><\/p>\n<p class=\"x_MsoNormal\"><span lang=\"EN-US\">The Socialist Party (PSOE), which was second with 121 seats, has the support of the far-left Sumar and also appears to have the support of pro-independence parties in Catalonia and the Basque Country. However, to reach the magic number of 176 he will need the support of Puigdemont, who lives in self-exile in Belgium and whom Spanish judges are demanding for crimes against the Constitution and for corruption.<\/span><\/p>\n<p class=\"x_MsoNormal\"><span lang=\"EN-US\">As an essential condition for giving his support to a new government led by socialist Pedro S\u00e1nchez, Puigdemont has demanded an amnesty from which both he and hundreds of other people prosecuted for the events of October 1 can benefit. Several experts have warned that such an amnesty would clearly violate the Spanish Constitution. Even former leaders of the PSOE have said that this amnesty would represent an attack against Spanish democracy.<\/span><\/p>\n<p class=\"x_MsoNormal\"><span lang=\"EN-US\">It is not yet known whether Pedro S\u00e1nchez will accept Puigdemont&#8217;s conditions to continue as President of the Government, although several of his ministers who in the past rejected the amnesty because they considered it unfair and illegal, have now begun to admit that possibility. In the past, S\u00e1nchez pardoned other leaders of the 2017 independence uprising, but Puigdemont was excluded because, having fled the country, he has not even been tried.<\/span><\/p>\n<div class=\"css-1dbjc4n r-1wbh5a2 r-dnmrzs r-1ny4l3l\" tabindex=\"-1\">\n<div class=\"css-1dbjc4n\">\n<div dir=\"ltr\">By <a href=\"https:\/\/www.estudiodecomunicacion.com\/en\/equipo\/antonio-cano\/\">Antonio Ca\u00f1o<\/a>, partner in <a href=\"https:\/\/www.estudiodecomunicacion.com\/en\/\">Estudio de Comunicaci\u00f3n<\/a><\/div>\n<div dir=\"ltr\"><\/div>\n<div class=\"css-901oao css-1hf3ou5 r-14j79pv r-18u37iz r-37j5jr r-1wvb978 r-a023e6 r-16dba41 r-rjixqe r-bcqeeo r-qvutc0\" dir=\"ltr\"><a href=\"https:\/\/twitter.com\/Antonio_Cano_\"><span class=\"css-901oao css-16my406 r-poiln3 r-bcqeeo r-qvutc0\">@Antonio_Cano_<\/span><\/a><\/div>\n<\/div>\n<\/div>\n","protected":false},"excerpt":{"rendered":"<p>Spain is going through a difficult political moment in which the only possibility of forming a new Government in the short term depends on the pro-independence parties of Catalonia and, particularly, on one of its best-known leaders, Carlos Puigdemont, who is on the run from Spanish justice, persecuted for having organized the illegal referendum of [&hellip;]<\/p>\n","protected":false},"author":10,"featured_media":49644,"comment_status":"closed","ping_status":"closed","sticky":false,"template":"","format":"standard","meta":{"_monsterinsights_skip_tracking":false,"_monsterinsights_sitenote_active":false,"_monsterinsights_sitenote_note":"","_monsterinsights_sitenote_category":0,"footnotes":""},"categories":[11471,3304],"tags":[],"class_list":["post-49643","post","type-post","status-publish","format-standard","has-post-thumbnail","hentry","category-antonio-cano-2","category-articulos-en"],"yoast_head":"<!-- This site is optimized with the Yoast SEO Premium plugin v27.4 (Yoast SEO v27.4) - https:\/\/yoast.com\/product\/yoast-seo-premium-wordpress\/ -->\n<title>In the hands of the independentists - Estudio de Comunicaci\u00f3n<\/title>\n<meta name=\"description\" content=\"The formation of a new government is in the hands of the independentists as Pigdemont demands an amnisty to facilitate S\u00e1nchez investiture&#039;s.\" \/>\n<meta name=\"robots\" content=\"index, follow, max-snippet:-1, max-image-preview:large, max-video-preview:-1\" \/>\n<link rel=\"canonical\" href=\"https:\/\/www.estudiodecomunicacion.com\/en\/2023\/09\/11\/in-the-hands-of-the-independentists\/\" \/>\n<meta property=\"og:locale\" content=\"en_US\" \/>\n<meta property=\"og:type\" content=\"article\" \/>\n<meta property=\"og:title\" content=\"In the hands of the independentists\" \/>\n<meta property=\"og:description\" content=\"The formation of a new government is in the hands of the independentists as Pigdemont demands an amnisty to facilitate S\u00e1nchez investiture&#039;s.\" \/>\n<meta property=\"og:url\" content=\"https:\/\/www.estudiodecomunicacion.com\/en\/2023\/09\/11\/in-the-hands-of-the-independentists\/\" \/>\n<meta property=\"og:site_name\" content=\"Estudio de Comunicaci\u00f3n\" \/>\n<meta property=\"article:publisher\" content=\"https:\/\/www.facebook.com\/estudiodecomunicacion\" \/>\n<meta property=\"article:published_time\" content=\"2023-09-11T11:40:07+00:00\" \/>\n<meta property=\"og:image\" content=\"https:\/\/www.estudiodecomunicacion.com\/wp-content\/uploads\/2023\/09\/A.-Cano-e1694432262969.png\" \/>\n\t<meta property=\"og:image:width\" content=\"1772\" \/>\n\t<meta property=\"og:image:height\" content=\"1045\" \/>\n\t<meta property=\"og:image:type\" content=\"image\/png\" \/>\n<meta name=\"author\" content=\"ecambuj\" \/>\n<meta name=\"twitter:card\" content=\"summary_large_image\" \/>\n<meta name=\"twitter:creator\" content=\"@EstComunicacion\" \/>\n<meta name=\"twitter:site\" content=\"@EstComunicacion\" \/>\n<meta name=\"twitter:label1\" content=\"Written by\" \/>\n\t<meta name=\"twitter:data1\" content=\"ecambuj\" \/>\n\t<meta name=\"twitter:label2\" content=\"Est. reading time\" \/>\n\t<meta name=\"twitter:data2\" content=\"2 minutes\" \/>\n<script type=\"application\/ld+json\" class=\"yoast-schema-graph\">{\"@context\":\"https:\\\/\\\/schema.org\",\"@graph\":[{\"@type\":\"Article\",\"@id\":\"https:\\\/\\\/www.estudiodecomunicacion.com\\\/en\\\/2023\\\/09\\\/11\\\/in-the-hands-of-the-independentists\\\/#article\",\"isPartOf\":{\"@id\":\"https:\\\/\\\/www.estudiodecomunicacion.com\\\/en\\\/2023\\\/09\\\/11\\\/in-the-hands-of-the-independentists\\\/\"},\"author\":{\"name\":\"ecambuj\",\"@id\":\"https:\\\/\\\/www.estudiodecomunicacion.com\\\/#\\\/schema\\\/person\\\/dc483160485c7aaac6cdac590be3b0fd\"},\"headline\":\"In the hands of the independentists\",\"datePublished\":\"2023-09-11T11:40:07+00:00\",\"mainEntityOfPage\":{\"@id\":\"https:\\\/\\\/www.estudiodecomunicacion.com\\\/en\\\/2023\\\/09\\\/11\\\/in-the-hands-of-the-independentists\\\/\"},\"wordCount\":384,\"publisher\":{\"@id\":\"https:\\\/\\\/www.estudiodecomunicacion.com\\\/#organization\"},\"image\":{\"@id\":\"https:\\\/\\\/www.estudiodecomunicacion.com\\\/en\\\/2023\\\/09\\\/11\\\/in-the-hands-of-the-independentists\\\/#primaryimage\"},\"thumbnailUrl\":\"https:\\\/\\\/www.estudiodecomunicacion.com\\\/wp-content\\\/uploads\\\/2023\\\/09\\\/A.-Cano-e1694432262969.png\",\"articleSection\":[\"Antonio Ca\u00f1o\",\"Art\u00edculos\"],\"inLanguage\":\"en-US\"},{\"@type\":\"WebPage\",\"@id\":\"https:\\\/\\\/www.estudiodecomunicacion.com\\\/en\\\/2023\\\/09\\\/11\\\/in-the-hands-of-the-independentists\\\/\",\"url\":\"https:\\\/\\\/www.estudiodecomunicacion.com\\\/en\\\/2023\\\/09\\\/11\\\/in-the-hands-of-the-independentists\\\/\",\"name\":\"In the hands of the independentists - Estudio de Comunicaci\u00f3n\",\"isPartOf\":{\"@id\":\"https:\\\/\\\/www.estudiodecomunicacion.com\\\/#website\"},\"primaryImageOfPage\":{\"@id\":\"https:\\\/\\\/www.estudiodecomunicacion.com\\\/en\\\/2023\\\/09\\\/11\\\/in-the-hands-of-the-independentists\\\/#primaryimage\"},\"image\":{\"@id\":\"https:\\\/\\\/www.estudiodecomunicacion.com\\\/en\\\/2023\\\/09\\\/11\\\/in-the-hands-of-the-independentists\\\/#primaryimage\"},\"thumbnailUrl\":\"https:\\\/\\\/www.estudiodecomunicacion.com\\\/wp-content\\\/uploads\\\/2023\\\/09\\\/A.-Cano-e1694432262969.png\",\"datePublished\":\"2023-09-11T11:40:07+00:00\",\"description\":\"The formation of a new government is in the hands of the independentists as Pigdemont demands an amnisty to facilitate S\u00e1nchez investiture's.\",\"breadcrumb\":{\"@id\":\"https:\\\/\\\/www.estudiodecomunicacion.com\\\/en\\\/2023\\\/09\\\/11\\\/in-the-hands-of-the-independentists\\\/#breadcrumb\"},\"inLanguage\":\"en-US\",\"potentialAction\":[{\"@type\":\"ReadAction\",\"target\":[\"https:\\\/\\\/www.estudiodecomunicacion.com\\\/en\\\/2023\\\/09\\\/11\\\/in-the-hands-of-the-independentists\\\/\"]}]},{\"@type\":\"ImageObject\",\"inLanguage\":\"en-US\",\"@id\":\"https:\\\/\\\/www.estudiodecomunicacion.com\\\/en\\\/2023\\\/09\\\/11\\\/in-the-hands-of-the-independentists\\\/#primaryimage\",\"url\":\"https:\\\/\\\/www.estudiodecomunicacion.com\\\/wp-content\\\/uploads\\\/2023\\\/09\\\/A.-Cano-e1694432262969.png\",\"contentUrl\":\"https:\\\/\\\/www.estudiodecomunicacion.com\\\/wp-content\\\/uploads\\\/2023\\\/09\\\/A.-Cano-e1694432262969.png\",\"width\":1772,\"height\":1045},{\"@type\":\"BreadcrumbList\",\"@id\":\"https:\\\/\\\/www.estudiodecomunicacion.com\\\/en\\\/2023\\\/09\\\/11\\\/in-the-hands-of-the-independentists\\\/#breadcrumb\",\"itemListElement\":[{\"@type\":\"ListItem\",\"position\":1,\"name\":\"Portada\",\"item\":\"https:\\\/\\\/www.estudiodecomunicacion.com\\\/en\\\/\"},{\"@type\":\"ListItem\",\"position\":2,\"name\":\"In the hands of the independentists\"}]},{\"@type\":\"WebSite\",\"@id\":\"https:\\\/\\\/www.estudiodecomunicacion.com\\\/#website\",\"url\":\"https:\\\/\\\/www.estudiodecomunicacion.com\\\/\",\"name\":\"Estudio de Comunicaci\u00f3n - Consultores de Comunicaci\u00f3n y Relaciones P\u00fablicas\",\"description\":\"Consultora de Comunicaci\u00f3n y Relaciones P\u00fablicas\",\"publisher\":{\"@id\":\"https:\\\/\\\/www.estudiodecomunicacion.com\\\/#organization\"},\"potentialAction\":[{\"@type\":\"SearchAction\",\"target\":{\"@type\":\"EntryPoint\",\"urlTemplate\":\"https:\\\/\\\/www.estudiodecomunicacion.com\\\/?s={search_term_string}\"},\"query-input\":{\"@type\":\"PropertyValueSpecification\",\"valueRequired\":true,\"valueName\":\"search_term_string\"}}],\"inLanguage\":\"en-US\"},{\"@type\":\"Organization\",\"@id\":\"https:\\\/\\\/www.estudiodecomunicacion.com\\\/#organization\",\"name\":\"Estudio de Comunicaci\u00f3n\",\"url\":\"https:\\\/\\\/www.estudiodecomunicacion.com\\\/\",\"logo\":{\"@type\":\"ImageObject\",\"inLanguage\":\"en-US\",\"@id\":\"https:\\\/\\\/www.estudiodecomunicacion.com\\\/#\\\/schema\\\/logo\\\/image\\\/\",\"url\":\"https:\\\/\\\/www.estudiodecomunicacion.com\\\/wp-content\\\/uploads\\\/2018\\\/02\\\/EC_LogoEC.R_LogoLazo-03-03.png\",\"contentUrl\":\"https:\\\/\\\/www.estudiodecomunicacion.com\\\/wp-content\\\/uploads\\\/2018\\\/02\\\/EC_LogoEC.R_LogoLazo-03-03.png\",\"width\":431,\"height\":401,\"caption\":\"Estudio de Comunicaci\u00f3n\"},\"image\":{\"@id\":\"https:\\\/\\\/www.estudiodecomunicacion.com\\\/#\\\/schema\\\/logo\\\/image\\\/\"},\"sameAs\":[\"https:\\\/\\\/www.facebook.com\\\/estudiodecomunicacion\",\"https:\\\/\\\/x.com\\\/EstComunicacion\",\"https:\\\/\\\/www.instagram.com\\\/estcomunicacion\\\/\",\"https:\\\/\\\/www.linkedin.com\\\/company\\\/estudio-de-comunicacion\\\/?originalSubdomain=es\",\"https:\\\/\\\/www.youtube.com\\\/user\\\/EstComunicacion\"]},{\"@type\":\"Person\",\"@id\":\"https:\\\/\\\/www.estudiodecomunicacion.com\\\/#\\\/schema\\\/person\\\/dc483160485c7aaac6cdac590be3b0fd\",\"name\":\"ecambuj\",\"url\":\"https:\\\/\\\/www.estudiodecomunicacion.com\\\/en\\\/author\\\/ecambuj\\\/\"}]}<\/script>\n<!-- \/ Yoast SEO Premium plugin. -->","yoast_head_json":{"title":"In the hands of the independentists - Estudio de Comunicaci\u00f3n","description":"The formation of a new government is in the hands of the independentists as Pigdemont demands an amnisty to facilitate S\u00e1nchez investiture's.","robots":{"index":"index","follow":"follow","max-snippet":"max-snippet:-1","max-image-preview":"max-image-preview:large","max-video-preview":"max-video-preview:-1"},"canonical":"https:\/\/www.estudiodecomunicacion.com\/en\/2023\/09\/11\/in-the-hands-of-the-independentists\/","og_locale":"en_US","og_type":"article","og_title":"In the hands of the independentists","og_description":"The formation of a new government is in the hands of the independentists as Pigdemont demands an amnisty to facilitate S\u00e1nchez investiture's.","og_url":"https:\/\/www.estudiodecomunicacion.com\/en\/2023\/09\/11\/in-the-hands-of-the-independentists\/","og_site_name":"Estudio de Comunicaci\u00f3n","article_publisher":"https:\/\/www.facebook.com\/estudiodecomunicacion","article_published_time":"2023-09-11T11:40:07+00:00","og_image":[{"width":1772,"height":1045,"url":"https:\/\/www.estudiodecomunicacion.com\/wp-content\/uploads\/2023\/09\/A.-Cano-e1694432262969.png","type":"image\/png"}],"author":"ecambuj","twitter_card":"summary_large_image","twitter_creator":"@EstComunicacion","twitter_site":"@EstComunicacion","twitter_misc":{"Written by":"ecambuj","Est. reading time":"2 minutes"},"schema":{"@context":"https:\/\/schema.org","@graph":[{"@type":"Article","@id":"https:\/\/www.estudiodecomunicacion.com\/en\/2023\/09\/11\/in-the-hands-of-the-independentists\/#article","isPartOf":{"@id":"https:\/\/www.estudiodecomunicacion.com\/en\/2023\/09\/11\/in-the-hands-of-the-independentists\/"},"author":{"name":"ecambuj","@id":"https:\/\/www.estudiodecomunicacion.com\/#\/schema\/person\/dc483160485c7aaac6cdac590be3b0fd"},"headline":"In the hands of the independentists","datePublished":"2023-09-11T11:40:07+00:00","mainEntityOfPage":{"@id":"https:\/\/www.estudiodecomunicacion.com\/en\/2023\/09\/11\/in-the-hands-of-the-independentists\/"},"wordCount":384,"publisher":{"@id":"https:\/\/www.estudiodecomunicacion.com\/#organization"},"image":{"@id":"https:\/\/www.estudiodecomunicacion.com\/en\/2023\/09\/11\/in-the-hands-of-the-independentists\/#primaryimage"},"thumbnailUrl":"https:\/\/www.estudiodecomunicacion.com\/wp-content\/uploads\/2023\/09\/A.-Cano-e1694432262969.png","articleSection":["Antonio Ca\u00f1o","Art\u00edculos"],"inLanguage":"en-US"},{"@type":"WebPage","@id":"https:\/\/www.estudiodecomunicacion.com\/en\/2023\/09\/11\/in-the-hands-of-the-independentists\/","url":"https:\/\/www.estudiodecomunicacion.com\/en\/2023\/09\/11\/in-the-hands-of-the-independentists\/","name":"In the hands of the independentists - Estudio de Comunicaci\u00f3n","isPartOf":{"@id":"https:\/\/www.estudiodecomunicacion.com\/#website"},"primaryImageOfPage":{"@id":"https:\/\/www.estudiodecomunicacion.com\/en\/2023\/09\/11\/in-the-hands-of-the-independentists\/#primaryimage"},"image":{"@id":"https:\/\/www.estudiodecomunicacion.com\/en\/2023\/09\/11\/in-the-hands-of-the-independentists\/#primaryimage"},"thumbnailUrl":"https:\/\/www.estudiodecomunicacion.com\/wp-content\/uploads\/2023\/09\/A.-Cano-e1694432262969.png","datePublished":"2023-09-11T11:40:07+00:00","description":"The formation of a new government is in the hands of the independentists as Pigdemont demands an amnisty to facilitate S\u00e1nchez investiture's.","breadcrumb":{"@id":"https:\/\/www.estudiodecomunicacion.com\/en\/2023\/09\/11\/in-the-hands-of-the-independentists\/#breadcrumb"},"inLanguage":"en-US","potentialAction":[{"@type":"ReadAction","target":["https:\/\/www.estudiodecomunicacion.com\/en\/2023\/09\/11\/in-the-hands-of-the-independentists\/"]}]},{"@type":"ImageObject","inLanguage":"en-US","@id":"https:\/\/www.estudiodecomunicacion.com\/en\/2023\/09\/11\/in-the-hands-of-the-independentists\/#primaryimage","url":"https:\/\/www.estudiodecomunicacion.com\/wp-content\/uploads\/2023\/09\/A.-Cano-e1694432262969.png","contentUrl":"https:\/\/www.estudiodecomunicacion.com\/wp-content\/uploads\/2023\/09\/A.-Cano-e1694432262969.png","width":1772,"height":1045},{"@type":"BreadcrumbList","@id":"https:\/\/www.estudiodecomunicacion.com\/en\/2023\/09\/11\/in-the-hands-of-the-independentists\/#breadcrumb","itemListElement":[{"@type":"ListItem","position":1,"name":"Portada","item":"https:\/\/www.estudiodecomunicacion.com\/en\/"},{"@type":"ListItem","position":2,"name":"In the hands of the independentists"}]},{"@type":"WebSite","@id":"https:\/\/www.estudiodecomunicacion.com\/#website","url":"https:\/\/www.estudiodecomunicacion.com\/","name":"Estudio de Comunicaci\u00f3n - Consultores de Comunicaci\u00f3n y Relaciones P\u00fablicas","description":"Consultora de Comunicaci\u00f3n y Relaciones P\u00fablicas","publisher":{"@id":"https:\/\/www.estudiodecomunicacion.com\/#organization"},"potentialAction":[{"@type":"SearchAction","target":{"@type":"EntryPoint","urlTemplate":"https:\/\/www.estudiodecomunicacion.com\/?s={search_term_string}"},"query-input":{"@type":"PropertyValueSpecification","valueRequired":true,"valueName":"search_term_string"}}],"inLanguage":"en-US"},{"@type":"Organization","@id":"https:\/\/www.estudiodecomunicacion.com\/#organization","name":"Estudio de Comunicaci\u00f3n","url":"https:\/\/www.estudiodecomunicacion.com\/","logo":{"@type":"ImageObject","inLanguage":"en-US","@id":"https:\/\/www.estudiodecomunicacion.com\/#\/schema\/logo\/image\/","url":"https:\/\/www.estudiodecomunicacion.com\/wp-content\/uploads\/2018\/02\/EC_LogoEC.R_LogoLazo-03-03.png","contentUrl":"https:\/\/www.estudiodecomunicacion.com\/wp-content\/uploads\/2018\/02\/EC_LogoEC.R_LogoLazo-03-03.png","width":431,"height":401,"caption":"Estudio de Comunicaci\u00f3n"},"image":{"@id":"https:\/\/www.estudiodecomunicacion.com\/#\/schema\/logo\/image\/"},"sameAs":["https:\/\/www.facebook.com\/estudiodecomunicacion","https:\/\/x.com\/EstComunicacion","https:\/\/www.instagram.com\/estcomunicacion\/","https:\/\/www.linkedin.com\/company\/estudio-de-comunicacion\/?originalSubdomain=es","https:\/\/www.youtube.com\/user\/EstComunicacion"]},{"@type":"Person","@id":"https:\/\/www.estudiodecomunicacion.com\/#\/schema\/person\/dc483160485c7aaac6cdac590be3b0fd","name":"ecambuj","url":"https:\/\/www.estudiodecomunicacion.com\/en\/author\/ecambuj\/"}]}},"_links":{"self":[{"href":"https:\/\/www.estudiodecomunicacion.com\/en\/wp-json\/wp\/v2\/posts\/49643","targetHints":{"allow":["GET"]}}],"collection":[{"href":"https:\/\/www.estudiodecomunicacion.com\/en\/wp-json\/wp\/v2\/posts"}],"about":[{"href":"https:\/\/www.estudiodecomunicacion.com\/en\/wp-json\/wp\/v2\/types\/post"}],"author":[{"embeddable":true,"href":"https:\/\/www.estudiodecomunicacion.com\/en\/wp-json\/wp\/v2\/users\/10"}],"replies":[{"embeddable":true,"href":"https:\/\/www.estudiodecomunicacion.com\/en\/wp-json\/wp\/v2\/comments?post=49643"}],"version-history":[{"count":1,"href":"https:\/\/www.estudiodecomunicacion.com\/en\/wp-json\/wp\/v2\/posts\/49643\/revisions"}],"predecessor-version":[{"id":49646,"href":"https:\/\/www.estudiodecomunicacion.com\/en\/wp-json\/wp\/v2\/posts\/49643\/revisions\/49646"}],"wp:featuredmedia":[{"embeddable":true,"href":"https:\/\/www.estudiodecomunicacion.com\/en\/wp-json\/wp\/v2\/media\/49644"}],"wp:attachment":[{"href":"https:\/\/www.estudiodecomunicacion.com\/en\/wp-json\/wp\/v2\/media?parent=49643"}],"wp:term":[{"taxonomy":"category","embeddable":true,"href":"https:\/\/www.estudiodecomunicacion.com\/en\/wp-json\/wp\/v2\/categories?post=49643"},{"taxonomy":"post_tag","embeddable":true,"href":"https:\/\/www.estudiodecomunicacion.com\/en\/wp-json\/wp\/v2\/tags?post=49643"}],"curies":[{"name":"wp","href":"https:\/\/api.w.org\/{rel}","templated":true}]}}