{"id":49787,"date":"2023-10-11T15:31:56","date_gmt":"2023-10-11T15:31:56","guid":{"rendered":"https:\/\/www.estudiodecomunicacion.com\/?p=49787"},"modified":"2023-10-11T15:31:56","modified_gmt":"2023-10-11T15:31:56","slug":"a-long-period-of-instability-ahead","status":"publish","type":"post","link":"https:\/\/www.estudiodecomunicacion.com\/en\/2023\/10\/11\/a-long-period-of-instability-ahead\/","title":{"rendered":"A LONG PERIOD OF INSTABILITY AHEAD"},"content":{"rendered":"<p>Spain is approaching winter in a context of growing political instability. Both international events and the internal situation led us to anticipate a long period of uncertainty in which companies will have to pay equal or more attention to the political environment than to economic data.<\/p>\n<p>While there is still no end in sight to the war in Ukraine, which has had so many adverse consequences for Europe and Spain, the escalation of the conflict in the Middle East creates new threats to stability around the world.<\/p>\n<p>The Hamas terrorist attack against the population of Israel has triggered a strong military reaction by the Israeli Government. The forecast is that violence and armed confrontations could last for months or even years. Other actors, such as Iran, the United States and several Arab countries, may be involved. Taking into account the volatility of the area and its enormous geostrategic importance, the effect of these tensions on the progress of other regions of the world can be very significant.<\/p>\n<p>In the case of Spain, this worrying international context is combined with the extension of the provisional nature of the Government. The general elections of July 23 did not serve to form a clear government majority. The center right Popular Party candidate, Alberto N\u00fanez Feij\u00f3o, failed in his attempt to obtain the parliamentary support necessary to be named prime minister.<\/p>\n<p>Now it is the current acting President of the Government, Pedro S\u00e1nchez (socialist), who is trying. But to achieve this it depends on the Catalan pro independence parties, who have very little or none interest in the governability of Spain. One of the supporters that S\u00e1nchez needs is Carles Puigdemont, who fled from Spanish justice after organizing the illegal 2017 referendum and lives in auto exile in Belgium.<\/p>\n<p>In exchange for his support, Puigdemont demands from S\u00e1nchez an amnesty for all crimes committed by the independentists for the organization of that referendum, a step that is opposed by the Popular Party, a majority of jurists and a large part of Spanish society.<\/p>\n<p>S\u00e1nchez&#8217;s negotiation with the independentists may continue for more than a month. If not successful, Spain would be forced to repeat the elections, probably on January 14, 2024. But even if this negotiation were successful, the Government that would result would be very fragile and constantly subject to the pressure from parties that are not interested in the stability of Spanish democracy.<\/p>\n<div dir=\"ltr\">By <a href=\"https:\/\/www.estudiodecomunicacion.com\/en\/equipo\/antonio-cano\/\">Antonio Ca\u00f1o<\/a>, partner in <a href=\"https:\/\/www.estudiodecomunicacion.com\/en\/\">Estudio de Comunicaci\u00f3n<\/a><\/div>\n<div dir=\"ltr\"><\/div>\n<div class=\"css-901oao css-1hf3ou5 r-14j79pv r-18u37iz r-37j5jr r-1wvb978 r-a023e6 r-16dba41 r-rjixqe r-bcqeeo r-qvutc0\" dir=\"ltr\"><a href=\"https:\/\/twitter.com\/Antonio_Cano_\"><span class=\"css-901oao css-16my406 r-poiln3 r-bcqeeo r-qvutc0\">@Antonio_Cano_<\/span><\/a><\/div>\n","protected":false},"excerpt":{"rendered":"<p>Spain is approaching winter in a context of growing political instability. Both international events and the internal situation led us to anticipate a long period of uncertainty in which companies will have to pay equal or more attention to the political environment than to economic data. While there is still no end in sight to [&hellip;]<\/p>\n","protected":false},"author":87,"featured_media":49790,"comment_status":"closed","ping_status":"closed","sticky":false,"template":"","format":"standard","meta":{"_monsterinsights_skip_tracking":false,"_monsterinsights_sitenote_active":false,"_monsterinsights_sitenote_note":"","_monsterinsights_sitenote_category":0,"footnotes":""},"categories":[11471,3304],"tags":[11511],"class_list":["post-49787","post","type-post","status-publish","format-standard","has-post-thumbnail","hentry","category-antonio-cano-2","category-articulos-en","tag-period"],"yoast_head":"<!-- This site is optimized with the Yoast SEO Premium plugin v27.4 (Yoast SEO v27.4) - https:\/\/yoast.com\/product\/yoast-seo-premium-wordpress\/ -->\n<title>A LONG PERIOD OF INSTABILITY AHEAD<\/title>\n<meta name=\"description\" content=\"A LONG PERIOD OF INSTABILITY AHEAD\" \/>\n<meta name=\"robots\" content=\"index, follow, max-snippet:-1, max-image-preview:large, max-video-preview:-1\" \/>\n<link rel=\"canonical\" href=\"https:\/\/www.estudiodecomunicacion.com\/en\/2023\/10\/11\/a-long-period-of-instability-ahead\/\" \/>\n<meta property=\"og:locale\" content=\"en_US\" \/>\n<meta property=\"og:type\" content=\"article\" \/>\n<meta property=\"og:title\" content=\"A LONG PERIOD OF INSTABILITY AHEAD\" \/>\n<meta property=\"og:description\" content=\"A LONG PERIOD OF INSTABILITY AHEAD\" \/>\n<meta property=\"og:url\" content=\"https:\/\/www.estudiodecomunicacion.com\/en\/2023\/10\/11\/a-long-period-of-instability-ahead\/\" \/>\n<meta property=\"og:site_name\" content=\"Estudio de Comunicaci\u00f3n\" \/>\n<meta property=\"article:publisher\" content=\"https:\/\/www.facebook.com\/estudiodecomunicacion\" \/>\n<meta property=\"article:published_time\" content=\"2023-10-11T15:31:56+00:00\" \/>\n<meta property=\"og:image\" content=\"https:\/\/www.estudiodecomunicacion.com\/wp-content\/uploads\/2023\/10\/Portadas-articulos-1.png\" \/>\n\t<meta property=\"og:image:width\" content=\"1772\" \/>\n\t<meta property=\"og:image:height\" content=\"1181\" \/>\n\t<meta property=\"og:image:type\" content=\"image\/png\" \/>\n<meta name=\"author\" content=\"mariamartin\" \/>\n<meta name=\"twitter:card\" content=\"summary_large_image\" \/>\n<meta name=\"twitter:creator\" content=\"@EstComunicacion\" \/>\n<meta name=\"twitter:site\" content=\"@EstComunicacion\" \/>\n<meta name=\"twitter:label1\" content=\"Written by\" \/>\n\t<meta name=\"twitter:data1\" content=\"mariamartin\" \/>\n\t<meta name=\"twitter:label2\" content=\"Est. reading time\" \/>\n\t<meta name=\"twitter:data2\" content=\"2 minutes\" \/>\n<script type=\"application\/ld+json\" class=\"yoast-schema-graph\">{\"@context\":\"https:\\\/\\\/schema.org\",\"@graph\":[{\"@type\":\"Article\",\"@id\":\"https:\\\/\\\/www.estudiodecomunicacion.com\\\/en\\\/2023\\\/10\\\/11\\\/a-long-period-of-instability-ahead\\\/#article\",\"isPartOf\":{\"@id\":\"https:\\\/\\\/www.estudiodecomunicacion.com\\\/en\\\/2023\\\/10\\\/11\\\/a-long-period-of-instability-ahead\\\/\"},\"author\":{\"name\":\"mariamartin\",\"@id\":\"https:\\\/\\\/www.estudiodecomunicacion.com\\\/#\\\/schema\\\/person\\\/3502b4650480c2e28ccac89edfbe0dae\"},\"headline\":\"A LONG PERIOD OF INSTABILITY AHEAD\",\"datePublished\":\"2023-10-11T15:31:56+00:00\",\"mainEntityOfPage\":{\"@id\":\"https:\\\/\\\/www.estudiodecomunicacion.com\\\/en\\\/2023\\\/10\\\/11\\\/a-long-period-of-instability-ahead\\\/\"},\"wordCount\":422,\"publisher\":{\"@id\":\"https:\\\/\\\/www.estudiodecomunicacion.com\\\/#organization\"},\"image\":{\"@id\":\"https:\\\/\\\/www.estudiodecomunicacion.com\\\/en\\\/2023\\\/10\\\/11\\\/a-long-period-of-instability-ahead\\\/#primaryimage\"},\"thumbnailUrl\":\"https:\\\/\\\/www.estudiodecomunicacion.com\\\/wp-content\\\/uploads\\\/2023\\\/10\\\/Portadas-articulos-1.png\",\"keywords\":[\"PERIOD\"],\"articleSection\":[\"Antonio Ca\u00f1o\",\"Art\u00edculos\"],\"inLanguage\":\"en-US\"},{\"@type\":\"WebPage\",\"@id\":\"https:\\\/\\\/www.estudiodecomunicacion.com\\\/en\\\/2023\\\/10\\\/11\\\/a-long-period-of-instability-ahead\\\/\",\"url\":\"https:\\\/\\\/www.estudiodecomunicacion.com\\\/en\\\/2023\\\/10\\\/11\\\/a-long-period-of-instability-ahead\\\/\",\"name\":\"A LONG PERIOD OF INSTABILITY AHEAD\",\"isPartOf\":{\"@id\":\"https:\\\/\\\/www.estudiodecomunicacion.com\\\/#website\"},\"primaryImageOfPage\":{\"@id\":\"https:\\\/\\\/www.estudiodecomunicacion.com\\\/en\\\/2023\\\/10\\\/11\\\/a-long-period-of-instability-ahead\\\/#primaryimage\"},\"image\":{\"@id\":\"https:\\\/\\\/www.estudiodecomunicacion.com\\\/en\\\/2023\\\/10\\\/11\\\/a-long-period-of-instability-ahead\\\/#primaryimage\"},\"thumbnailUrl\":\"https:\\\/\\\/www.estudiodecomunicacion.com\\\/wp-content\\\/uploads\\\/2023\\\/10\\\/Portadas-articulos-1.png\",\"datePublished\":\"2023-10-11T15:31:56+00:00\",\"description\":\"A LONG PERIOD OF INSTABILITY AHEAD\",\"breadcrumb\":{\"@id\":\"https:\\\/\\\/www.estudiodecomunicacion.com\\\/en\\\/2023\\\/10\\\/11\\\/a-long-period-of-instability-ahead\\\/#breadcrumb\"},\"inLanguage\":\"en-US\",\"potentialAction\":[{\"@type\":\"ReadAction\",\"target\":[\"https:\\\/\\\/www.estudiodecomunicacion.com\\\/en\\\/2023\\\/10\\\/11\\\/a-long-period-of-instability-ahead\\\/\"]}]},{\"@type\":\"ImageObject\",\"inLanguage\":\"en-US\",\"@id\":\"https:\\\/\\\/www.estudiodecomunicacion.com\\\/en\\\/2023\\\/10\\\/11\\\/a-long-period-of-instability-ahead\\\/#primaryimage\",\"url\":\"https:\\\/\\\/www.estudiodecomunicacion.com\\\/wp-content\\\/uploads\\\/2023\\\/10\\\/Portadas-articulos-1.png\",\"contentUrl\":\"https:\\\/\\\/www.estudiodecomunicacion.com\\\/wp-content\\\/uploads\\\/2023\\\/10\\\/Portadas-articulos-1.png\",\"width\":1772,\"height\":1181},{\"@type\":\"BreadcrumbList\",\"@id\":\"https:\\\/\\\/www.estudiodecomunicacion.com\\\/en\\\/2023\\\/10\\\/11\\\/a-long-period-of-instability-ahead\\\/#breadcrumb\",\"itemListElement\":[{\"@type\":\"ListItem\",\"position\":1,\"name\":\"Portada\",\"item\":\"https:\\\/\\\/www.estudiodecomunicacion.com\\\/en\\\/\"},{\"@type\":\"ListItem\",\"position\":2,\"name\":\"A LONG PERIOD OF INSTABILITY AHEAD\"}]},{\"@type\":\"WebSite\",\"@id\":\"https:\\\/\\\/www.estudiodecomunicacion.com\\\/#website\",\"url\":\"https:\\\/\\\/www.estudiodecomunicacion.com\\\/\",\"name\":\"Estudio de Comunicaci\u00f3n - Consultores de Comunicaci\u00f3n y Relaciones P\u00fablicas\",\"description\":\"Consultora de Comunicaci\u00f3n y Relaciones P\u00fablicas\",\"publisher\":{\"@id\":\"https:\\\/\\\/www.estudiodecomunicacion.com\\\/#organization\"},\"potentialAction\":[{\"@type\":\"SearchAction\",\"target\":{\"@type\":\"EntryPoint\",\"urlTemplate\":\"https:\\\/\\\/www.estudiodecomunicacion.com\\\/?s={search_term_string}\"},\"query-input\":{\"@type\":\"PropertyValueSpecification\",\"valueRequired\":true,\"valueName\":\"search_term_string\"}}],\"inLanguage\":\"en-US\"},{\"@type\":\"Organization\",\"@id\":\"https:\\\/\\\/www.estudiodecomunicacion.com\\\/#organization\",\"name\":\"Estudio de Comunicaci\u00f3n\",\"url\":\"https:\\\/\\\/www.estudiodecomunicacion.com\\\/\",\"logo\":{\"@type\":\"ImageObject\",\"inLanguage\":\"en-US\",\"@id\":\"https:\\\/\\\/www.estudiodecomunicacion.com\\\/#\\\/schema\\\/logo\\\/image\\\/\",\"url\":\"https:\\\/\\\/www.estudiodecomunicacion.com\\\/wp-content\\\/uploads\\\/2018\\\/02\\\/EC_LogoEC.R_LogoLazo-03-03.png\",\"contentUrl\":\"https:\\\/\\\/www.estudiodecomunicacion.com\\\/wp-content\\\/uploads\\\/2018\\\/02\\\/EC_LogoEC.R_LogoLazo-03-03.png\",\"width\":431,\"height\":401,\"caption\":\"Estudio de Comunicaci\u00f3n\"},\"image\":{\"@id\":\"https:\\\/\\\/www.estudiodecomunicacion.com\\\/#\\\/schema\\\/logo\\\/image\\\/\"},\"sameAs\":[\"https:\\\/\\\/www.facebook.com\\\/estudiodecomunicacion\",\"https:\\\/\\\/x.com\\\/EstComunicacion\",\"https:\\\/\\\/www.instagram.com\\\/estcomunicacion\\\/\",\"https:\\\/\\\/www.linkedin.com\\\/company\\\/estudio-de-comunicacion\\\/?originalSubdomain=es\",\"https:\\\/\\\/www.youtube.com\\\/user\\\/EstComunicacion\"]},{\"@type\":\"Person\",\"@id\":\"https:\\\/\\\/www.estudiodecomunicacion.com\\\/#\\\/schema\\\/person\\\/3502b4650480c2e28ccac89edfbe0dae\",\"name\":\"mariamartin\",\"url\":\"https:\\\/\\\/www.estudiodecomunicacion.com\\\/en\\\/author\\\/mariamartin\\\/\"}]}<\/script>\n<!-- \/ Yoast SEO Premium plugin. -->","yoast_head_json":{"title":"A LONG PERIOD OF INSTABILITY AHEAD","description":"A LONG PERIOD OF INSTABILITY AHEAD","robots":{"index":"index","follow":"follow","max-snippet":"max-snippet:-1","max-image-preview":"max-image-preview:large","max-video-preview":"max-video-preview:-1"},"canonical":"https:\/\/www.estudiodecomunicacion.com\/en\/2023\/10\/11\/a-long-period-of-instability-ahead\/","og_locale":"en_US","og_type":"article","og_title":"A LONG PERIOD OF INSTABILITY AHEAD","og_description":"A LONG PERIOD OF INSTABILITY AHEAD","og_url":"https:\/\/www.estudiodecomunicacion.com\/en\/2023\/10\/11\/a-long-period-of-instability-ahead\/","og_site_name":"Estudio de Comunicaci\u00f3n","article_publisher":"https:\/\/www.facebook.com\/estudiodecomunicacion","article_published_time":"2023-10-11T15:31:56+00:00","og_image":[{"width":1772,"height":1181,"url":"https:\/\/www.estudiodecomunicacion.com\/wp-content\/uploads\/2023\/10\/Portadas-articulos-1.png","type":"image\/png"}],"author":"mariamartin","twitter_card":"summary_large_image","twitter_creator":"@EstComunicacion","twitter_site":"@EstComunicacion","twitter_misc":{"Written by":"mariamartin","Est. reading time":"2 minutes"},"schema":{"@context":"https:\/\/schema.org","@graph":[{"@type":"Article","@id":"https:\/\/www.estudiodecomunicacion.com\/en\/2023\/10\/11\/a-long-period-of-instability-ahead\/#article","isPartOf":{"@id":"https:\/\/www.estudiodecomunicacion.com\/en\/2023\/10\/11\/a-long-period-of-instability-ahead\/"},"author":{"name":"mariamartin","@id":"https:\/\/www.estudiodecomunicacion.com\/#\/schema\/person\/3502b4650480c2e28ccac89edfbe0dae"},"headline":"A LONG PERIOD OF INSTABILITY AHEAD","datePublished":"2023-10-11T15:31:56+00:00","mainEntityOfPage":{"@id":"https:\/\/www.estudiodecomunicacion.com\/en\/2023\/10\/11\/a-long-period-of-instability-ahead\/"},"wordCount":422,"publisher":{"@id":"https:\/\/www.estudiodecomunicacion.com\/#organization"},"image":{"@id":"https:\/\/www.estudiodecomunicacion.com\/en\/2023\/10\/11\/a-long-period-of-instability-ahead\/#primaryimage"},"thumbnailUrl":"https:\/\/www.estudiodecomunicacion.com\/wp-content\/uploads\/2023\/10\/Portadas-articulos-1.png","keywords":["PERIOD"],"articleSection":["Antonio Ca\u00f1o","Art\u00edculos"],"inLanguage":"en-US"},{"@type":"WebPage","@id":"https:\/\/www.estudiodecomunicacion.com\/en\/2023\/10\/11\/a-long-period-of-instability-ahead\/","url":"https:\/\/www.estudiodecomunicacion.com\/en\/2023\/10\/11\/a-long-period-of-instability-ahead\/","name":"A LONG PERIOD OF INSTABILITY AHEAD","isPartOf":{"@id":"https:\/\/www.estudiodecomunicacion.com\/#website"},"primaryImageOfPage":{"@id":"https:\/\/www.estudiodecomunicacion.com\/en\/2023\/10\/11\/a-long-period-of-instability-ahead\/#primaryimage"},"image":{"@id":"https:\/\/www.estudiodecomunicacion.com\/en\/2023\/10\/11\/a-long-period-of-instability-ahead\/#primaryimage"},"thumbnailUrl":"https:\/\/www.estudiodecomunicacion.com\/wp-content\/uploads\/2023\/10\/Portadas-articulos-1.png","datePublished":"2023-10-11T15:31:56+00:00","description":"A LONG PERIOD OF INSTABILITY AHEAD","breadcrumb":{"@id":"https:\/\/www.estudiodecomunicacion.com\/en\/2023\/10\/11\/a-long-period-of-instability-ahead\/#breadcrumb"},"inLanguage":"en-US","potentialAction":[{"@type":"ReadAction","target":["https:\/\/www.estudiodecomunicacion.com\/en\/2023\/10\/11\/a-long-period-of-instability-ahead\/"]}]},{"@type":"ImageObject","inLanguage":"en-US","@id":"https:\/\/www.estudiodecomunicacion.com\/en\/2023\/10\/11\/a-long-period-of-instability-ahead\/#primaryimage","url":"https:\/\/www.estudiodecomunicacion.com\/wp-content\/uploads\/2023\/10\/Portadas-articulos-1.png","contentUrl":"https:\/\/www.estudiodecomunicacion.com\/wp-content\/uploads\/2023\/10\/Portadas-articulos-1.png","width":1772,"height":1181},{"@type":"BreadcrumbList","@id":"https:\/\/www.estudiodecomunicacion.com\/en\/2023\/10\/11\/a-long-period-of-instability-ahead\/#breadcrumb","itemListElement":[{"@type":"ListItem","position":1,"name":"Portada","item":"https:\/\/www.estudiodecomunicacion.com\/en\/"},{"@type":"ListItem","position":2,"name":"A LONG PERIOD OF INSTABILITY AHEAD"}]},{"@type":"WebSite","@id":"https:\/\/www.estudiodecomunicacion.com\/#website","url":"https:\/\/www.estudiodecomunicacion.com\/","name":"Estudio de Comunicaci\u00f3n - Consultores de Comunicaci\u00f3n y Relaciones P\u00fablicas","description":"Consultora de Comunicaci\u00f3n y Relaciones P\u00fablicas","publisher":{"@id":"https:\/\/www.estudiodecomunicacion.com\/#organization"},"potentialAction":[{"@type":"SearchAction","target":{"@type":"EntryPoint","urlTemplate":"https:\/\/www.estudiodecomunicacion.com\/?s={search_term_string}"},"query-input":{"@type":"PropertyValueSpecification","valueRequired":true,"valueName":"search_term_string"}}],"inLanguage":"en-US"},{"@type":"Organization","@id":"https:\/\/www.estudiodecomunicacion.com\/#organization","name":"Estudio de Comunicaci\u00f3n","url":"https:\/\/www.estudiodecomunicacion.com\/","logo":{"@type":"ImageObject","inLanguage":"en-US","@id":"https:\/\/www.estudiodecomunicacion.com\/#\/schema\/logo\/image\/","url":"https:\/\/www.estudiodecomunicacion.com\/wp-content\/uploads\/2018\/02\/EC_LogoEC.R_LogoLazo-03-03.png","contentUrl":"https:\/\/www.estudiodecomunicacion.com\/wp-content\/uploads\/2018\/02\/EC_LogoEC.R_LogoLazo-03-03.png","width":431,"height":401,"caption":"Estudio de Comunicaci\u00f3n"},"image":{"@id":"https:\/\/www.estudiodecomunicacion.com\/#\/schema\/logo\/image\/"},"sameAs":["https:\/\/www.facebook.com\/estudiodecomunicacion","https:\/\/x.com\/EstComunicacion","https:\/\/www.instagram.com\/estcomunicacion\/","https:\/\/www.linkedin.com\/company\/estudio-de-comunicacion\/?originalSubdomain=es","https:\/\/www.youtube.com\/user\/EstComunicacion"]},{"@type":"Person","@id":"https:\/\/www.estudiodecomunicacion.com\/#\/schema\/person\/3502b4650480c2e28ccac89edfbe0dae","name":"mariamartin","url":"https:\/\/www.estudiodecomunicacion.com\/en\/author\/mariamartin\/"}]}},"_links":{"self":[{"href":"https:\/\/www.estudiodecomunicacion.com\/en\/wp-json\/wp\/v2\/posts\/49787","targetHints":{"allow":["GET"]}}],"collection":[{"href":"https:\/\/www.estudiodecomunicacion.com\/en\/wp-json\/wp\/v2\/posts"}],"about":[{"href":"https:\/\/www.estudiodecomunicacion.com\/en\/wp-json\/wp\/v2\/types\/post"}],"author":[{"embeddable":true,"href":"https:\/\/www.estudiodecomunicacion.com\/en\/wp-json\/wp\/v2\/users\/87"}],"replies":[{"embeddable":true,"href":"https:\/\/www.estudiodecomunicacion.com\/en\/wp-json\/wp\/v2\/comments?post=49787"}],"version-history":[{"count":1,"href":"https:\/\/www.estudiodecomunicacion.com\/en\/wp-json\/wp\/v2\/posts\/49787\/revisions"}],"predecessor-version":[{"id":49792,"href":"https:\/\/www.estudiodecomunicacion.com\/en\/wp-json\/wp\/v2\/posts\/49787\/revisions\/49792"}],"wp:featuredmedia":[{"embeddable":true,"href":"https:\/\/www.estudiodecomunicacion.com\/en\/wp-json\/wp\/v2\/media\/49790"}],"wp:attachment":[{"href":"https:\/\/www.estudiodecomunicacion.com\/en\/wp-json\/wp\/v2\/media?parent=49787"}],"wp:term":[{"taxonomy":"category","embeddable":true,"href":"https:\/\/www.estudiodecomunicacion.com\/en\/wp-json\/wp\/v2\/categories?post=49787"},{"taxonomy":"post_tag","embeddable":true,"href":"https:\/\/www.estudiodecomunicacion.com\/en\/wp-json\/wp\/v2\/tags?post=49787"}],"curies":[{"name":"wp","href":"https:\/\/api.w.org\/{rel}","templated":true}]}}